{"id":4867,"date":"2019-01-02T07:49:31","date_gmt":"2019-01-02T10:49:31","guid":{"rendered":"http:\/\/www.primeranota.cl\/web\/?p=4867"},"modified":"2019-01-02T07:49:31","modified_gmt":"2019-01-02T10:49:31","slug":"presidentes-del-senado-y-la-camara-de-diputados-acuden-al-tc-para-mantener-a-carabineros-sin-gastos-reservados","status":"publish","type":"post","link":"http:\/\/www.primeranota.cl\/web\/pais\/presidentes-del-senado-y-la-camara-de-diputados-acuden-al-tc-para-mantener-a-carabineros-sin-gastos-reservados\/","title":{"rendered":"Presidentes del Senado y la C\u00e1mara de Diputados acuden al TC para mantener a Carabineros sin gastos reservados"},"content":{"rendered":"<p>La presidenta de la C\u00e1mara, Maya Fern\u00e1ndez y el l\u00edder del Senado, Carlos Montes, ingresaran solicitudes al Tribunal Constitucional para que &#8220;no se admita a tr\u00e1mite&#8221; el requerimiento de los diputados de Chile Vamos, presentado a inicios de diciembre, que busca que se declare la inconstitucionalidad de dos glosas despachadas por el Parlamento sobre el Presupuesto 2019. Estas son los Gastos Reservados de Carabineros, correspondientes al Ministerio del Interior, y la del Cr\u00e9dito Solidario Universitario, del Ministerio de Educaci\u00f3n.<br \/>\n La moci\u00f3n busca que &#8220;no se admita a tr\u00e1mite&#8221; el requerimiento de los diputados de Chile Vamos que busca que se declare la inconstitucionalidad de dos glosas del Presupuesto.<\/p>\n","protected":false},"excerpt":{"rendered":"<p>La presidenta de la C\u00e1mara, Maya Fern\u00e1ndez y el l\u00edder del Senado, Carlos Montes, ingresaran solicitudes al Tribunal Constitucional para que &#8220;no se admita a&#8230;<\/p>\n","protected":false},"author":2,"featured_media":4124,"comment_status":"closed","ping_status":"open","sticky":false,"template":"","format":"standard","meta":{"footnotes":""},"categories":[4,267],"tags":[],"_links":{"self":[{"href":"http:\/\/www.primeranota.cl\/web\/wp-json\/wp\/v2\/posts\/4867"}],"collection":[{"href":"http:\/\/www.primeranota.cl\/web\/wp-json\/wp\/v2\/posts"}],"about":[{"href":"http:\/\/www.primeranota.cl\/web\/wp-json\/wp\/v2\/types\/post"}],"author":[{"embeddable":true,"href":"http:\/\/www.primeranota.cl\/web\/wp-json\/wp\/v2\/users\/2"}],"replies":[{"embeddable":true,"href":"http:\/\/www.primeranota.cl\/web\/wp-json\/wp\/v2\/comments?post=4867"}],"version-history":[{"count":1,"href":"http:\/\/www.primeranota.cl\/web\/wp-json\/wp\/v2\/posts\/4867\/revisions"}],"predecessor-version":[{"id":4868,"href":"http:\/\/www.primeranota.cl\/web\/wp-json\/wp\/v2\/posts\/4867\/revisions\/4868"}],"wp:featuredmedia":[{"embeddable":true,"href":"http:\/\/www.primeranota.cl\/web\/wp-json\/wp\/v2\/media\/4124"}],"wp:attachment":[{"href":"http:\/\/www.primeranota.cl\/web\/wp-json\/wp\/v2\/media?parent=4867"}],"wp:term":[{"taxonomy":"category","embeddable":true,"href":"http:\/\/www.primeranota.cl\/web\/wp-json\/wp\/v2\/categories?post=4867"},{"taxonomy":"post_tag","embeddable":true,"href":"http:\/\/www.primeranota.cl\/web\/wp-json\/wp\/v2\/tags?post=4867"}],"curies":[{"name":"wp","href":"https:\/\/api.w.org\/{rel}","templated":true}]}}