{"id":4872,"date":"2019-01-03T07:45:35","date_gmt":"2019-01-03T10:45:35","guid":{"rendered":"http:\/\/www.primeranota.cl\/web\/?p=4872"},"modified":"2019-01-03T07:45:35","modified_gmt":"2019-01-03T10:45:35","slug":"senado-discute-iniciativa-propuesta-por-quintana-para-incentivar-la-donacion-de-organos","status":"publish","type":"post","link":"http:\/\/www.primeranota.cl\/web\/pais\/senado-discute-iniciativa-propuesta-por-quintana-para-incentivar-la-donacion-de-organos\/","title":{"rendered":"Senado discute iniciativa propuesta por Quintana para incentivar la donaci\u00f3n de \u00f3rganos"},"content":{"rendered":"<p> Marcado por el reciente deceso del menor Joaqu\u00edn Adasme a la espera de la donaci\u00f3n de un h\u00edgado, los legisladores acordaron someter a votaci\u00f3n el proyecto solo despu\u00e9s de conocer una nueva propuesta de las Comisiones de Salud y Hacienda, unidas, lo que deber\u00e1 ocurrir el martes 15 de enero.<br \/>\nTemas como la ampliaci\u00f3n del plazo a 4 a\u00f1os para expresar la voluntad de no ser donante, adem\u00e1s de una mejor f\u00f3rmula para salir del registro de no donantes, fueron largamente debatidos durante la discusi\u00f3n en particular de las mociones refundidas que modifican la ley N\u00b0 19.451, con el objeto de incentivar la donaci\u00f3n de \u00f3rganos.<br \/>\nEn conclusi\u00f3n, los parlamentarios acordaron solicitar un informe complementario a las Comisiones Unidas de Salud y Hacienda a fin de someter a votaci\u00f3n \u201cun mejor proyecto para dar vida\u201d, seg\u00fan manifest\u00f3 el senador Jaime Quintana, impulsor de la iniciativa.<br \/>\nEl debate estuvo marcado por el deceso del menor Joaqu\u00edn Adasme, quien falleci\u00f3 a la espera del trasplante de un h\u00edgado, lo que fue transversalmente sentido y lo que propici\u00f3 la discusi\u00f3n inmediata; asimismo, se reiteraron aspectos como la voluntad y la duda fundada, argumentos que ya fueron expuestos durante el debate en general.<br \/>\nEn ese sentido, el senador Jaime Quintana, expres\u00f3 que \u201cun tema es lo que ocurri\u00f3 con el lamentable deceso del menor y c\u00f3mo no tomarse en consideraci\u00f3n para replantear la eficacia de esta ley, pero hoy nos entregan datos que estamos bajando a un d\u00edgito de donantes, muy por debajo de otros pa\u00edses; y otro dato es lo que hace la familia, que a fin de cuenta, impide que la donaci\u00f3n se haga efectiva\u201d.<br \/>\nAsimismo, Quintana fue enf\u00e1tico en se\u00f1alar que \u201chay un ni\u00f1o que puede ser la historia de muchos o muchas en Chile que han fallecido esperando una donaci\u00f3n de \u00f3rganos. Estamos viviendo una situaci\u00f3n catastr\u00f3fica, con casi 7 donantes por cada mill\u00f3n de habitantes. Esto sin duda tenemos que ayudar a cambiarlo\u201d.<\/p>\n<p>La norma<br \/>\nLa norma que se discute en particular incorpora al conviviente civil de la persona fallecida, en el primer lugar (junto con el c\u00f3nyuge) del orden de familiares a quienes se debe consultar antes de proceder a la extracci\u00f3n de uno o m\u00e1s \u00f3rganos del fallecido, cuando existan dudas fundadas respecto de la condici\u00f3n de donante de este \u00faltimo o a la vigencia de ella.<br \/>\nAdem\u00e1s, mantiene como familiares que pueden oponerse a la donaci\u00f3n en caso de dudas, al c\u00f3nyuge o conviviente civil, los hijos mayores de 18 a\u00f1os, los padres; el representante legal, tutor o curador; cualquiera de los hermanos mayores de 18 a\u00f1os y cualquiera de los nietos mayores de 18 a\u00f1os.<br \/>\nFaculta a todo aqu\u00e9l que en vida desee revocar su inscripci\u00f3n en el Registro Nacional de No Donantes, a hacerlo en cualquier momento, ante el Servicio de Registro Civil.<br \/>\nFinalmente, el texto dispone que dentro de los cuatro a\u00f1os siguientes a la entrada en vigencia de este proyecto de ley, todas aquellas personas inscritas en el Registro de No Donantes, deber\u00e1n ratificar dicha manifestaci\u00f3n mediante declaraci\u00f3n prestada ante el Servicio de Registro Civil e Identificaci\u00f3n, un notario p\u00fablico o el funcionario respectivo al momento de solicitar la renovaci\u00f3n de la c\u00e9dula de identidad o licencia de conducir.  Si al vencimiento de este plazo no se ha efectuado la se\u00f1alada ratificaci\u00f3n, se entender\u00e1 que la persona es donante.<\/p>\n","protected":false},"excerpt":{"rendered":"<p>Marcado por el reciente deceso del menor Joaqu\u00edn Adasme a la espera de la donaci\u00f3n de un h\u00edgado, los legisladores acordaron someter a votaci\u00f3n el&#8230;<\/p>\n","protected":false},"author":2,"featured_media":3827,"comment_status":"closed","ping_status":"open","sticky":false,"template":"","format":"standard","meta":{"footnotes":""},"categories":[4,267],"tags":[],"_links":{"self":[{"href":"http:\/\/www.primeranota.cl\/web\/wp-json\/wp\/v2\/posts\/4872"}],"collection":[{"href":"http:\/\/www.primeranota.cl\/web\/wp-json\/wp\/v2\/posts"}],"about":[{"href":"http:\/\/www.primeranota.cl\/web\/wp-json\/wp\/v2\/types\/post"}],"author":[{"embeddable":true,"href":"http:\/\/www.primeranota.cl\/web\/wp-json\/wp\/v2\/users\/2"}],"replies":[{"embeddable":true,"href":"http:\/\/www.primeranota.cl\/web\/wp-json\/wp\/v2\/comments?post=4872"}],"version-history":[{"count":1,"href":"http:\/\/www.primeranota.cl\/web\/wp-json\/wp\/v2\/posts\/4872\/revisions"}],"predecessor-version":[{"id":4873,"href":"http:\/\/www.primeranota.cl\/web\/wp-json\/wp\/v2\/posts\/4872\/revisions\/4873"}],"wp:featuredmedia":[{"embeddable":true,"href":"http:\/\/www.primeranota.cl\/web\/wp-json\/wp\/v2\/media\/3827"}],"wp:attachment":[{"href":"http:\/\/www.primeranota.cl\/web\/wp-json\/wp\/v2\/media?parent=4872"}],"wp:term":[{"taxonomy":"category","embeddable":true,"href":"http:\/\/www.primeranota.cl\/web\/wp-json\/wp\/v2\/categories?post=4872"},{"taxonomy":"post_tag","embeddable":true,"href":"http:\/\/www.primeranota.cl\/web\/wp-json\/wp\/v2\/tags?post=4872"}],"curies":[{"name":"wp","href":"https:\/\/api.w.org\/{rel}","templated":true}]}}