{"id":4874,"date":"2019-01-03T07:51:16","date_gmt":"2019-01-03T10:51:16","guid":{"rendered":"http:\/\/www.primeranota.cl\/web\/?p=4874"},"modified":"2019-01-03T07:51:16","modified_gmt":"2019-01-03T10:51:16","slug":"ex-general-villalobos-apelo-a-imputacion-por-tormentos","status":"publish","type":"post","link":"http:\/\/www.primeranota.cl\/web\/pais\/ex-general-villalobos-apelo-a-imputacion-por-tormentos\/","title":{"rendered":"Ex general Villalobos apel\u00f3 a imputaci\u00f3n por tormentos"},"content":{"rendered":"<p>La defensa del ex general director de Carabineros, Bruno Villalobos, decidi\u00f3 apelar al procesamiento dictado en su contra por el ministro Mario Carroza, quien lo acus\u00f3 en calidad de c\u00f3mplice por tormentos con resultado de muerte en el caso de Patricio Manzano, estudiante fallecido en 1985.<\/p>\n<p>Seg\u00fan public\u00f3 El Mercurio, se espera que la Corte de Apelaciones resuelva si revoca o no el dictamen de Carroza, quien asegura que los hechos ocurrieron cuando Villalobos ten\u00eda 25 a\u00f1os y estaba a cargo de un piquete de Fuerzas Especiales.<\/p>\n<p>El abogado \u00c1ngel Valencia, representante de Villalobos, interpuso un recurso de amparo con el fin de llegar a la Corte Suprema, aunque desisti\u00f3 la semana pasada, luego que fuera calificado como &#8220;improcedente&#8221;.<\/p>\n<p>El 20 de diciembre pasado, la Quinta Sala de la Corte de Apelaciones decidi\u00f3 otorgar la libertad bajo fianza a Villalobos, previo pago de 500 mil pesos.<\/p>\n<p>Se espera que la Corte entregue un pronunciamiento en los pr\u00f3ximos d\u00edas.<\/p>\n","protected":false},"excerpt":{"rendered":"<p>La defensa del ex general director de Carabineros, Bruno Villalobos, decidi\u00f3 apelar al procesamiento dictado en su contra por el ministro Mario Carroza, quien lo&#8230;<\/p>\n","protected":false},"author":2,"featured_media":4404,"comment_status":"closed","ping_status":"open","sticky":false,"template":"","format":"standard","meta":{"footnotes":""},"categories":[4,267],"tags":[],"_links":{"self":[{"href":"http:\/\/www.primeranota.cl\/web\/wp-json\/wp\/v2\/posts\/4874"}],"collection":[{"href":"http:\/\/www.primeranota.cl\/web\/wp-json\/wp\/v2\/posts"}],"about":[{"href":"http:\/\/www.primeranota.cl\/web\/wp-json\/wp\/v2\/types\/post"}],"author":[{"embeddable":true,"href":"http:\/\/www.primeranota.cl\/web\/wp-json\/wp\/v2\/users\/2"}],"replies":[{"embeddable":true,"href":"http:\/\/www.primeranota.cl\/web\/wp-json\/wp\/v2\/comments?post=4874"}],"version-history":[{"count":1,"href":"http:\/\/www.primeranota.cl\/web\/wp-json\/wp\/v2\/posts\/4874\/revisions"}],"predecessor-version":[{"id":4875,"href":"http:\/\/www.primeranota.cl\/web\/wp-json\/wp\/v2\/posts\/4874\/revisions\/4875"}],"wp:featuredmedia":[{"embeddable":true,"href":"http:\/\/www.primeranota.cl\/web\/wp-json\/wp\/v2\/media\/4404"}],"wp:attachment":[{"href":"http:\/\/www.primeranota.cl\/web\/wp-json\/wp\/v2\/media?parent=4874"}],"wp:term":[{"taxonomy":"category","embeddable":true,"href":"http:\/\/www.primeranota.cl\/web\/wp-json\/wp\/v2\/categories?post=4874"},{"taxonomy":"post_tag","embeddable":true,"href":"http:\/\/www.primeranota.cl\/web\/wp-json\/wp\/v2\/tags?post=4874"}],"curies":[{"name":"wp","href":"https:\/\/api.w.org\/{rel}","templated":true}]}}