{"id":4919,"date":"2019-01-05T09:05:07","date_gmt":"2019-01-05T12:05:07","guid":{"rendered":"http:\/\/www.primeranota.cl\/web\/?p=4919"},"modified":"2019-01-05T09:05:07","modified_gmt":"2019-01-05T12:05:07","slug":"grupo-ecoterrorista-responsable-de-bombazo-en-santiago-odiamos-las-conductas-del-humano-moderno","status":"publish","type":"post","link":"http:\/\/www.primeranota.cl\/web\/pais\/grupo-ecoterrorista-responsable-de-bombazo-en-santiago-odiamos-las-conductas-del-humano-moderno\/","title":{"rendered":"Grupo ecoterrorista responsable de bombazo en Santiago: \u201cOdiamos las conductas del humano moderno\u201d"},"content":{"rendered":"<p>Durante las \u00faltimas horas, la agrupaci\u00f3n Individualista Tendiendo a lo Salvaje (ITS), a trav\u00e9s de una presumible c\u00e9lula llamada Horda M\u00edstica del Bosque, expresaron un comunicaron en donde profundizaron en el hecho de la adjudicaci\u00f3n de la autor\u00eda del bombazo que ocurri\u00f3 en Santiago durante este viernes, espec\u00edficamente en Vicu\u00f1a Mackenna con Francisco Bilbao.<br \/>\nA trav\u00e9s de una publicaci\u00f3n en su sitio web, el presunto colectivo explic\u00f3 que &#8220;tomamos la absoluta responsabilidad por el abandono de nuestro regalo explosivo en un paradero del Transantiago en pleno centro de la capital. Nuestro sobre-bomba estaba compuesto por un niple de acero artesanal. \u00bfRecuerdan ese niple con el que le reventamos los dedos al minero en 2017? El mismo&#8221;.<br \/>\nLa menci\u00f3n anterior apunta al atentado del que fue v\u00edctima \u00d3scar Landerretche, expresidente de Codelco, durante 2017 en su hogar.<br \/>\nCon respecto a las razones del ataque, ITS argumenta &#8220;porque nos importa un carajo el estatus social. Ricos, pobres, indigentes, cualquier inmundo humano civilizado merece morir. En nuestros postulados no encontrar\u00e1n demandas ni exigencias ni nada. Odiamos las conductas del humano moderno, su aprobaci\u00f3n al progreso y a la tecnolog\u00eda nos asquea. \u00a1Que exploten todos!&#8221;.<br \/>\nTras varios pasajes, el colectivo afirma adem\u00e1s que lo ocurrido es un saludo de guerra al esp\u00edritu de Kevin Garrido, el condenado por el caso Bombas y que muri\u00f3 por una pu\u00f1alada dentro del penal Santiago 1, y de Mark Conditt, el Unabomber de Texas que se inmol\u00f3 en 2018.<\/p>\n","protected":false},"excerpt":{"rendered":"<p>Durante las \u00faltimas horas, la agrupaci\u00f3n Individualista Tendiendo a lo Salvaje (ITS), a trav\u00e9s de una presumible c\u00e9lula llamada Horda M\u00edstica del Bosque, expresaron un&#8230;<\/p>\n","protected":false},"author":2,"featured_media":4901,"comment_status":"closed","ping_status":"open","sticky":false,"template":"","format":"standard","meta":{"footnotes":""},"categories":[4,267],"tags":[],"_links":{"self":[{"href":"http:\/\/www.primeranota.cl\/web\/wp-json\/wp\/v2\/posts\/4919"}],"collection":[{"href":"http:\/\/www.primeranota.cl\/web\/wp-json\/wp\/v2\/posts"}],"about":[{"href":"http:\/\/www.primeranota.cl\/web\/wp-json\/wp\/v2\/types\/post"}],"author":[{"embeddable":true,"href":"http:\/\/www.primeranota.cl\/web\/wp-json\/wp\/v2\/users\/2"}],"replies":[{"embeddable":true,"href":"http:\/\/www.primeranota.cl\/web\/wp-json\/wp\/v2\/comments?post=4919"}],"version-history":[{"count":1,"href":"http:\/\/www.primeranota.cl\/web\/wp-json\/wp\/v2\/posts\/4919\/revisions"}],"predecessor-version":[{"id":4920,"href":"http:\/\/www.primeranota.cl\/web\/wp-json\/wp\/v2\/posts\/4919\/revisions\/4920"}],"wp:featuredmedia":[{"embeddable":true,"href":"http:\/\/www.primeranota.cl\/web\/wp-json\/wp\/v2\/media\/4901"}],"wp:attachment":[{"href":"http:\/\/www.primeranota.cl\/web\/wp-json\/wp\/v2\/media?parent=4919"}],"wp:term":[{"taxonomy":"category","embeddable":true,"href":"http:\/\/www.primeranota.cl\/web\/wp-json\/wp\/v2\/categories?post=4919"},{"taxonomy":"post_tag","embeddable":true,"href":"http:\/\/www.primeranota.cl\/web\/wp-json\/wp\/v2\/tags?post=4919"}],"curies":[{"name":"wp","href":"https:\/\/api.w.org\/{rel}","templated":true}]}}