{"id":4971,"date":"2019-01-08T08:20:19","date_gmt":"2019-01-08T11:20:19","guid":{"rendered":"http:\/\/www.primeranota.cl\/web\/?p=4971"},"modified":"2019-01-08T08:20:19","modified_gmt":"2019-01-08T11:20:19","slug":"pinera-hay-elementos-que-obligan-a-una-profunda-modernizacion-de-carabineros","status":"publish","type":"post","link":"http:\/\/www.primeranota.cl\/web\/pais\/pinera-hay-elementos-que-obligan-a-una-profunda-modernizacion-de-carabineros\/","title":{"rendered":"Pi\u00f1era: \u201chay elementos que obligan a una profunda modernizaci\u00f3n de Carabineros\u201d"},"content":{"rendered":"<p>El presidente Pi\u00f1era, durante la ceremonia de asunci\u00f3n del nuevo general director, Mario Rozas, se\u00f1al\u00f3 que habr\u00e1n cambios tanto en lo administrativo, como en lo operativo &#8220;para maximizar la eficiencia en la dif\u00edcil labor&#8221; que cumple la polic\u00eda uniformada.<br \/>\nEsta tarde, durante la ceremonia de asunci\u00f3n del nuevo general director de Carabineros, Mario Rozas C\u00f3rdova, el Presidente Sebasti\u00e1n Pi\u00f1era se refiri\u00f3 brevemente a la modernizaci\u00f3n de la instituci\u00f3n policial.<br \/>\n\u201cHemos visto que hay elementos que obligan a una profunda modernizaci\u00f3n de Carabineros, tanto en lo administrativo, para garantizar la probidad, el buen uso de los recursos p\u00fablicos; tanto en lo operativo para maximizar la eficiencia en la dif\u00edcil labor que cumple Carabineros combatiendo la delincuencia, el narcotr\u00e1fico, el crimen organizado y el terrorismo\u201d, asegur\u00f3 en su discurso el Jefe de Estado.<br \/>\nSobre esto, Pi\u00f1era relat\u00f3 que durante esta jornada se lleg\u00f3 a un acuerdo con la comisi\u00f3n de seguridad del Senado, con el fin de avanzar en la modernizaci\u00f3n de la polic\u00eda uniformada.<br \/>\nAdem\u00e1s, el Mandatario aprovech\u00f3 de recalcar, una vez m\u00e1s, que \u201ccuando la hacen (su labor) dentro de la ley, tienen y van a seguir teniendo el total apoyo de nuestro gobierno\u201d.<br \/>\nNo obstante, Pi\u00f1era hizo un llamado a la ciudadan\u00eda para respetar \u201ca nuestros Carabineros\u201d porque \u201ces absolutamente necesario para que pueda cumplir con eficacia su labor\u201d. Y a continuaci\u00f3n detall\u00f3 brevemente su encuentro de esta ma\u00f1ana con los efectivos golpeados en el Paseo Ahumada.<br \/>\nAsimismo, y en una clara alusi\u00f3n al caso Catrillanca, el Presidente indic\u00f3: \u201ccuando cumplen con su labor, tienen derecho a ser respetados, tienen derecho a usar la fuerza cuando corresponda, en forma proporcional, en forma equilibrada dentro de los protocolos y del marco de la ley. Tambi\u00e9n tienen derecho a defenderse cuando son atacados, y ese derecho, nuestro gobierno lo conoce, lo promueve y lo respeta\u201d.<\/p>\n","protected":false},"excerpt":{"rendered":"<p>El presidente Pi\u00f1era, durante la ceremonia de asunci\u00f3n del nuevo general director, Mario Rozas, se\u00f1al\u00f3 que habr\u00e1n cambios tanto en lo administrativo, como en lo&#8230;<\/p>\n","protected":false},"author":2,"featured_media":4972,"comment_status":"closed","ping_status":"open","sticky":false,"template":"","format":"standard","meta":{"footnotes":""},"categories":[4,267],"tags":[],"_links":{"self":[{"href":"http:\/\/www.primeranota.cl\/web\/wp-json\/wp\/v2\/posts\/4971"}],"collection":[{"href":"http:\/\/www.primeranota.cl\/web\/wp-json\/wp\/v2\/posts"}],"about":[{"href":"http:\/\/www.primeranota.cl\/web\/wp-json\/wp\/v2\/types\/post"}],"author":[{"embeddable":true,"href":"http:\/\/www.primeranota.cl\/web\/wp-json\/wp\/v2\/users\/2"}],"replies":[{"embeddable":true,"href":"http:\/\/www.primeranota.cl\/web\/wp-json\/wp\/v2\/comments?post=4971"}],"version-history":[{"count":1,"href":"http:\/\/www.primeranota.cl\/web\/wp-json\/wp\/v2\/posts\/4971\/revisions"}],"predecessor-version":[{"id":4973,"href":"http:\/\/www.primeranota.cl\/web\/wp-json\/wp\/v2\/posts\/4971\/revisions\/4973"}],"wp:featuredmedia":[{"embeddable":true,"href":"http:\/\/www.primeranota.cl\/web\/wp-json\/wp\/v2\/media\/4972"}],"wp:attachment":[{"href":"http:\/\/www.primeranota.cl\/web\/wp-json\/wp\/v2\/media?parent=4971"}],"wp:term":[{"taxonomy":"category","embeddable":true,"href":"http:\/\/www.primeranota.cl\/web\/wp-json\/wp\/v2\/categories?post=4971"},{"taxonomy":"post_tag","embeddable":true,"href":"http:\/\/www.primeranota.cl\/web\/wp-json\/wp\/v2\/tags?post=4971"}],"curies":[{"name":"wp","href":"https:\/\/api.w.org\/{rel}","templated":true}]}}