{"id":4985,"date":"2019-01-09T07:59:05","date_gmt":"2019-01-09T10:59:05","guid":{"rendered":"http:\/\/www.primeranota.cl\/web\/?p=4985"},"modified":"2019-01-09T07:59:05","modified_gmt":"2019-01-09T10:59:05","slug":"vocera-de-gobierno-no-hay-causales-para-acusar-al-ministro-chadwick","status":"publish","type":"post","link":"http:\/\/www.primeranota.cl\/web\/politica\/vocera-de-gobierno-no-hay-causales-para-acusar-al-ministro-chadwick\/","title":{"rendered":"Vocera de Gobierno : &#8220;No hay causales&#8221; para acusar al ministro Chadwick"},"content":{"rendered":"<p>El ministro del interior, Andr\u00e9s Chadwick, vivi\u00f3 una jornada tensa, luego de que la oposici\u00f3n pidiera su renuncia debido a su rol en el caso Catrillanca.<br \/>\nBajo este contexto, la vocera de Gobierno, Cecilia P\u00e9rez, ratific\u00f3 que el ministro del Interior, Andr\u00e9s Chadwick, se mantendr\u00e1 en el cargo pese a los emplazamientos desde la oposici\u00f3n.<br \/>\nLa secretaria de Estado descart\u00f3 que existan causales para establecer una acusaci\u00f3n constitucional: \u201cNo hay causales ni constitucionales ni legales ni en los hechos que ameriten una acusaci\u00f3n constitucional\u201c, se\u00f1al\u00f3.<br \/>\nP\u00e9rez agreg\u00f3 adem\u00e1s que \u201cnuestro gobierno no solamente ha actuado con firmeza y con la verdad, sino que tambi\u00e9n hemos actuado proactivamente para el esclarecimiento de los hechos conocidos por todo el pa\u00eds con una actitud de buscar no solamente la verdad y justicia, sino que haci\u00e9ndonos parte de las querellas respectivas\u201c, finaliz\u00f3.<br \/>\nCr\u00e9dito: AGENCIA UNO<\/p>\n","protected":false},"excerpt":{"rendered":"<p>El ministro del interior, Andr\u00e9s Chadwick, vivi\u00f3 una jornada tensa, luego de que la oposici\u00f3n pidiera su renuncia debido a su rol en el caso&#8230;<\/p>\n","protected":false},"author":2,"featured_media":4609,"comment_status":"closed","ping_status":"open","sticky":false,"template":"","format":"standard","meta":{"footnotes":""},"categories":[5,267],"tags":[],"_links":{"self":[{"href":"http:\/\/www.primeranota.cl\/web\/wp-json\/wp\/v2\/posts\/4985"}],"collection":[{"href":"http:\/\/www.primeranota.cl\/web\/wp-json\/wp\/v2\/posts"}],"about":[{"href":"http:\/\/www.primeranota.cl\/web\/wp-json\/wp\/v2\/types\/post"}],"author":[{"embeddable":true,"href":"http:\/\/www.primeranota.cl\/web\/wp-json\/wp\/v2\/users\/2"}],"replies":[{"embeddable":true,"href":"http:\/\/www.primeranota.cl\/web\/wp-json\/wp\/v2\/comments?post=4985"}],"version-history":[{"count":1,"href":"http:\/\/www.primeranota.cl\/web\/wp-json\/wp\/v2\/posts\/4985\/revisions"}],"predecessor-version":[{"id":4986,"href":"http:\/\/www.primeranota.cl\/web\/wp-json\/wp\/v2\/posts\/4985\/revisions\/4986"}],"wp:featuredmedia":[{"embeddable":true,"href":"http:\/\/www.primeranota.cl\/web\/wp-json\/wp\/v2\/media\/4609"}],"wp:attachment":[{"href":"http:\/\/www.primeranota.cl\/web\/wp-json\/wp\/v2\/media?parent=4985"}],"wp:term":[{"taxonomy":"category","embeddable":true,"href":"http:\/\/www.primeranota.cl\/web\/wp-json\/wp\/v2\/categories?post=4985"},{"taxonomy":"post_tag","embeddable":true,"href":"http:\/\/www.primeranota.cl\/web\/wp-json\/wp\/v2\/tags?post=4985"}],"curies":[{"name":"wp","href":"https:\/\/api.w.org\/{rel}","templated":true}]}}