{"id":5086,"date":"2019-01-12T09:21:28","date_gmt":"2019-01-12T12:21:28","guid":{"rendered":"http:\/\/www.primeranota.cl\/web\/?p=5086"},"modified":"2019-01-12T09:21:28","modified_gmt":"2019-01-12T12:21:28","slug":"papa-francisco-informa-a-denunciantes-chilenos-que-se-abrira-proceso-penal-eclesiastico-en-caso-maristas","status":"publish","type":"post","link":"http:\/\/www.primeranota.cl\/web\/pais\/papa-francisco-informa-a-denunciantes-chilenos-que-se-abrira-proceso-penal-eclesiastico-en-caso-maristas\/","title":{"rendered":"Papa Francisco informa a denunciantes chilenos que se abrir\u00e1 proceso penal eclesi\u00e1stico en caso Maristas"},"content":{"rendered":"<p>La Congregaci\u00f3n para la Doctrina de la Fe dispuso acompa\u00f1ar pastoralmente a las v\u00edctimas del llamado \u201cCaso Maristas\u201d, pero adem\u00e1s, el mismo Papa Francisco dispuso que se promueva un proceso penal ante la Congregaci\u00f3n para la Doctrina de la Fe, una vez terminadas las investigaciones generadas a partir de las denuncias por abuso sexual.<\/p>\n<p>Tal como inform\u00f3 hoy The Clinic, esto ocurre tres meses despu\u00e9s de que el sacerdote salesiano David Albornoz terminara la primera etapa de la investigaci\u00f3n que recababa antecedentes de abusos sexuales en la Congregaci\u00f3n de Hermanos Maristas. No obstante, a\u00fan no existen sanciones.<\/p>\n<p>Isaac Givovich, uno de los denunciantes en este caso y espec\u00edficamente de Adolfo Fuentes, relata a La Tercera, que recibe esta noticia con mucha alegr\u00eda. \u201cTodo lo que sentimos es que por fin pas\u00f3 algo, est\u00e1bamos todos desilusionados de todo lo que estaba pasando, hay personas que est\u00e1n esperando respuestas de hace 40 a\u00f1os\u201d, precisa.<\/p>\n<p>Givovich cuenta que en el d\u00eda de ayer recibieron un mail de Pilar Ram\u00edrez- coordinadora del Consejo Nacional de Prevenci\u00f3n de Abusos y Acompa\u00f1amiento a las V\u00edctimas de la CECh- en donde se les informaba la decisi\u00f3n del Pont\u00edfice. De hecho, en los pr\u00f3ximos d\u00edas se reunir\u00e1n para ser informados sobre los pasos del proceso y para hacer llegar antecedentes de la causa.<\/p>\n<p>Este es el correo electr\u00f3nico enviado por Ram\u00edrez, en el que se les da a conocer la informaci\u00f3n:<\/p>\n<p>Estimados se\u00f1ores:<\/p>\n<p>Junto con un cordial saludo, me permito informarles\u00a0 que he recibido desde la Congregaci\u00f3n para la Doctrina de la Fe el encargo de acompa\u00f1arles pastoralmente, en nombre de la Iglesia. Esto en el marco de la denuncia can\u00f3nica interpuesta por ustedes\u00a0 contra algunos de los religiosos de la Congregaci\u00f3n de los Hermanos Maristas en Chile.<\/p>\n<p>En ese contexto, tambi\u00e9n se me ha encomendado informarles que el Papa Francisco ha dispuesto que, una vez concluidas las investigaciones previas generadas a partir de sus denuncias, se promueva un proceso penal ante la Congregaci\u00f3n para la Doctrina de la Fe.<\/p>\n<p>&nbsp;<\/p>\n<p>Por \u00faltimo, quedo atenta a sus requerimientos y disponible para todo cuanto pueda colaborar con ustedes en esta b\u00fasqueda de verdad en la cual la Iglesia est\u00e1 firmemente empe\u00f1ada.<\/p>\n<p>Saludos fraternos,<\/p>\n<p>Pilar Ram\u00edrez Rodr\u00edguez<\/p>\n<p>Departamento Prevenci\u00f3n de Abusos<\/p>\n<p>\u201cEsta es una se\u00f1al para el resto de las congregaciones, para los salesianos, jesuitas, es una se\u00f1al de que este Papa no est\u00e1 dispuesto a que se mantengan las redes de encubrimiento\u201d, asegura Givovich.<\/p>\n<p>La informaci\u00f3n tambi\u00e9n fue confirmada por el portavoz de la Conferencia Episcopal, Jaime Coiro, quien indic\u00f3 que la Congregaci\u00f3n para la Doctrina de la Fe le encarg\u00f3 a la propia Pilar Ram\u00edrez \u201cacompa\u00f1ar pastoralmente, en nombre de la Iglesia, a las personas que han formulado las denuncias\u201d<\/p>\n<p>La Tercera<\/p>\n","protected":false},"excerpt":{"rendered":"<p>La Congregaci\u00f3n para la Doctrina de la Fe dispuso acompa\u00f1ar pastoralmente a las v\u00edctimas del llamado \u201cCaso Maristas\u201d, pero adem\u00e1s, el mismo Papa Francisco dispuso&#8230;<\/p>\n","protected":false},"author":2,"featured_media":2824,"comment_status":"closed","ping_status":"open","sticky":false,"template":"","format":"standard","meta":{"footnotes":""},"categories":[4,267],"tags":[],"_links":{"self":[{"href":"http:\/\/www.primeranota.cl\/web\/wp-json\/wp\/v2\/posts\/5086"}],"collection":[{"href":"http:\/\/www.primeranota.cl\/web\/wp-json\/wp\/v2\/posts"}],"about":[{"href":"http:\/\/www.primeranota.cl\/web\/wp-json\/wp\/v2\/types\/post"}],"author":[{"embeddable":true,"href":"http:\/\/www.primeranota.cl\/web\/wp-json\/wp\/v2\/users\/2"}],"replies":[{"embeddable":true,"href":"http:\/\/www.primeranota.cl\/web\/wp-json\/wp\/v2\/comments?post=5086"}],"version-history":[{"count":1,"href":"http:\/\/www.primeranota.cl\/web\/wp-json\/wp\/v2\/posts\/5086\/revisions"}],"predecessor-version":[{"id":5087,"href":"http:\/\/www.primeranota.cl\/web\/wp-json\/wp\/v2\/posts\/5086\/revisions\/5087"}],"wp:featuredmedia":[{"embeddable":true,"href":"http:\/\/www.primeranota.cl\/web\/wp-json\/wp\/v2\/media\/2824"}],"wp:attachment":[{"href":"http:\/\/www.primeranota.cl\/web\/wp-json\/wp\/v2\/media?parent=5086"}],"wp:term":[{"taxonomy":"category","embeddable":true,"href":"http:\/\/www.primeranota.cl\/web\/wp-json\/wp\/v2\/categories?post=5086"},{"taxonomy":"post_tag","embeddable":true,"href":"http:\/\/www.primeranota.cl\/web\/wp-json\/wp\/v2\/tags?post=5086"}],"curies":[{"name":"wp","href":"https:\/\/api.w.org\/{rel}","templated":true}]}}