{"id":5113,"date":"2019-01-14T10:35:41","date_gmt":"2019-01-14T13:35:41","guid":{"rendered":"http:\/\/www.primeranota.cl\/web\/?p=5113"},"modified":"2019-01-14T10:35:41","modified_gmt":"2019-01-14T13:35:41","slug":"quintana-sobre-proyecto-de-admision-justa-el-estado-no-puede-ser-complice-y-financista-de-la-segregacion-escolar","status":"publish","type":"post","link":"http:\/\/www.primeranota.cl\/web\/pais\/quintana-sobre-proyecto-de-admision-justa-el-estado-no-puede-ser-complice-y-financista-de-la-segregacion-escolar\/","title":{"rendered":"Quintana sobre proyecto de \u201cAdmisi\u00f3n Justa\u201d: \u201cEl Estado no puede ser c\u00f3mplice y financista de la segregaci\u00f3n escolar\u201d"},"content":{"rendered":"<p>La ma\u00f1ana del pasado jueves el Presidente Sebasti\u00e1n Pi\u00f1era firm\u00f3 el proyecto que pretende perfeccionar la admisi\u00f3n escolar en el pa\u00eds.<\/p>\n<p>La iniciativa del Gobierno recibi\u00f3 el nombre de \u201cAdmisi\u00f3n Justa\u201d, y busca incorporar algunos elementos al sistema, como considerar a hermanastros y reincorporar el m\u00e9rito en los procesos de selecci\u00f3n de colegios.<\/p>\n<p>Respecto de ese \u00faltimo punto, el Ejecutivo busca que a contar de s\u00e9ptimo b\u00e1sico los colegios de excelencia puedan seleccionar el 100% de sus alumnos, generando que el 30% corresponda a prioritarios.<\/p>\n<p>En ese sentido, el senador de La Araucan\u00eda, Jaime Quintana, expres\u00f3 su descontento con la iniciativa y manifest\u00f3 que <em>\u201cel m\u00e9rito es sin duda una bonita palabra\u201d. <\/em>Sin embargo, Quintana agreg\u00f3 enf\u00e1ticamente que <em>\u201cen un pa\u00eds como Chile, con niveles de desigualdad similares a Rwanda, el m\u00e9rito escolar est\u00e1 \u00edntimamente ligado al capital cultural de los padres y por ende a los recursos econ\u00f3micos de cada hogar. Por eso es un error la selecci\u00f3n por m\u00e9rito en la educaci\u00f3n p\u00fablica. El Estado no puede ser c\u00f3mplice y financista de la segregaci\u00f3n escolar, eso es un contrasentido\u201d.<\/em><\/p>\n<p>El Presidente Pi\u00f1era, adem\u00e1s critic\u00f3 la actual ley de inclusi\u00f3n impulsada por el Gobierno de la exmandataria Michelle Bachelet, argumentando que restringe la libertad de los padres para elegir la educaci\u00f3n para sus hijos.<\/p>\n<p>Frente a esto, el senador Jaime Quintana, cree que hay elementos que se pueden discutir, como las entrevistas de los padres con los colegios, pero asegur\u00f3 que habr\u00e1 que ver los pros y los contras.<\/p>\n<p><em>\u201cEl problema es que si mezclamos la posibilidad de selecci\u00f3n junto a las entrevistas a los padres, la suma de todo eso es claramente que el colegio terminar\u00e1 decidiendo qui\u00e9nes son sus estudiantes, en vez de que los padres elijan el colegio de sus hijos, y eso abre la puerta para volver a la segregaci\u00f3n y la exclusi\u00f3n de ni\u00f1os y ni\u00f1as con fondos p\u00fablicos. Es inentendible\u201d,<\/em> explic\u00f3 Quintana.<\/p>\n<p>El senador y miembro de la comisi\u00f3n de Educaci\u00f3n, adem\u00e1s avizora un panorama complejo en la tramitaci\u00f3n de este proyecto, pues seg\u00fan indic\u00f3 Quintana, <em>\u201cel gobierno insiste en mandar contra reformas como si tuviera mayor\u00eda en ambas C\u00e1maras. Sigue sin entender que la gente los puso a ellos a gobernar pero a nosotros a legislar y que se requiere llegar a acuerdos\u201d. <\/em><\/p>\n<p><em>\u201cEllos hablan de acuerdos, pero luego env\u00edan proyectos que vienen a borrar los avances que ya hab\u00edamos logrado y a cambiar de ra\u00edz las reformas estructurales. Entonces no se pueden sorprender al encontrarse una tramitaci\u00f3n compleja\u201d, sentenci\u00f3 el parlamentario de La Araucan\u00eda.<\/em><\/p>\n","protected":false},"excerpt":{"rendered":"<p>La ma\u00f1ana del pasado jueves el Presidente Sebasti\u00e1n Pi\u00f1era firm\u00f3 el proyecto que pretende perfeccionar la admisi\u00f3n escolar en el pa\u00eds. La iniciativa del Gobierno&#8230;<\/p>\n","protected":false},"author":2,"featured_media":1069,"comment_status":"closed","ping_status":"open","sticky":false,"template":"","format":"standard","meta":{"footnotes":""},"categories":[4,267],"tags":[],"_links":{"self":[{"href":"http:\/\/www.primeranota.cl\/web\/wp-json\/wp\/v2\/posts\/5113"}],"collection":[{"href":"http:\/\/www.primeranota.cl\/web\/wp-json\/wp\/v2\/posts"}],"about":[{"href":"http:\/\/www.primeranota.cl\/web\/wp-json\/wp\/v2\/types\/post"}],"author":[{"embeddable":true,"href":"http:\/\/www.primeranota.cl\/web\/wp-json\/wp\/v2\/users\/2"}],"replies":[{"embeddable":true,"href":"http:\/\/www.primeranota.cl\/web\/wp-json\/wp\/v2\/comments?post=5113"}],"version-history":[{"count":1,"href":"http:\/\/www.primeranota.cl\/web\/wp-json\/wp\/v2\/posts\/5113\/revisions"}],"predecessor-version":[{"id":5114,"href":"http:\/\/www.primeranota.cl\/web\/wp-json\/wp\/v2\/posts\/5113\/revisions\/5114"}],"wp:featuredmedia":[{"embeddable":true,"href":"http:\/\/www.primeranota.cl\/web\/wp-json\/wp\/v2\/media\/1069"}],"wp:attachment":[{"href":"http:\/\/www.primeranota.cl\/web\/wp-json\/wp\/v2\/media?parent=5113"}],"wp:term":[{"taxonomy":"category","embeddable":true,"href":"http:\/\/www.primeranota.cl\/web\/wp-json\/wp\/v2\/categories?post=5113"},{"taxonomy":"post_tag","embeddable":true,"href":"http:\/\/www.primeranota.cl\/web\/wp-json\/wp\/v2\/tags?post=5113"}],"curies":[{"name":"wp","href":"https:\/\/api.w.org\/{rel}","templated":true}]}}