{"id":5194,"date":"2019-01-16T20:58:21","date_gmt":"2019-01-16T23:58:21","guid":{"rendered":"http:\/\/www.primeranota.cl\/web\/?p=5194"},"modified":"2019-01-16T20:58:21","modified_gmt":"2019-01-16T23:58:21","slug":"senado-aprueba-proyecto-de-jaime-quintana-que-incentiva-la-donacion-universal-de-organos","status":"publish","type":"post","link":"http:\/\/www.primeranota.cl\/web\/pais\/senado-aprueba-proyecto-de-jaime-quintana-que-incentiva-la-donacion-universal-de-organos\/","title":{"rendered":"Senado aprueba proyecto de Jaime Quintana que incentiva la donaci\u00f3n universal de \u00f3rganos"},"content":{"rendered":"<p>Por unanimidad, la Sala del Senado aprob\u00f3 el proyecto de ley que incentiva la donaci\u00f3n universal de \u00f3rganos y busca que quienes no quieren hacerlo certifiquen su negativa ante notario en un plazo de 24 meses.<\/p>\n<p>La iniciativa que busca revertir la baja de donantes que existe en Chile, fue respaldada con 33 votos a favor y ninguna abstenci\u00f3n o voto en contra.<\/p>\n<p>El proyecto aprobado establece un plazo de dos a\u00f1os para que la persona acuda a inscribirse al registro de no donantes, ya que existen antecedentes que algunas personas fueron incorporadas de forma err\u00f3nea. Las familias, adem\u00e1s, no podr\u00e1n modificar la decisi\u00f3n de quienes fallecen.<\/p>\n<p>En ese sentido, el senador Jaime Quintana, impulsor de la iniciativa, manifest\u00f3 que \u201csin duda valoramos este avance luego de una discusi\u00f3n de varios meses. Es muy relevante este proyecto, considerando que existen m\u00e1s de 2 mil 600 pacientes que hoy est\u00e1n esperando un trasplante\u201d.<\/p>\n<p>Sin embargo, el congresista expres\u00f3 que \u201caunque la iniciativa se aprob\u00f3 de manera un\u00e1nime en la Sala, lo que es muy positivo, quedamos con un gusto amargo, ya que el proyecto original estipulaba un plazo de 6 meses para hacer efectivo el tr\u00e1mite de no ser donante. Creemos que medio a\u00f1o es suficiente para tomar una decisi\u00f3n, pensando que hay muchas personas que est\u00e1n esperando un donante\u201d.<\/p>\n<p>El parlamentario de La Araucan\u00eda fue enf\u00e1tico en se\u00f1alar que \u201cestamos viviendo una situaci\u00f3n catastr\u00f3fica en materia de donaci\u00f3n de \u00f3rganos, con casi 7 donantes por cada mill\u00f3n de habitantes. Esto sin duda tenemos que ayudar a cambiarlo\u201d.<\/p>\n<p>Quintana, adem\u00e1s, fue enf\u00e1tico en manifestar la urgencia que existe en nuestro pa\u00eds por incentivar la donaci\u00f3n de \u00f3rganos, \u201cpor eso creemos que 6 meses es un tiempo suficiente para que las personas que hoy no quieren donar, puedan tomar a conciencia la decisi\u00f3n y expresarla en el organismo correspondiente\u201d.<\/p>\n<p>\u201cEsperamos que en la C\u00e1mara de Diputados, donde se va a discutir el proyecto ahora, se pueda analizar esta situaci\u00f3n y revertir el tiempo para inscribirse en el registro de no donantes\u201d, sentenci\u00f3 Quintana.<\/p>\n<p>Finalmente, el senador Jaime Quintana, pidi\u00f3 tomar conciencia sobre lo que est\u00e1 ocurriendo respecto a la ley de donaci\u00f3n de \u00f3rganos e hizo un llamado a la comunidad en general a \u201cinformarse, interiorizarse y conversar en familia sobre la relevancia de este tema\u201d.<\/p>\n","protected":false},"excerpt":{"rendered":"<p>Por unanimidad, la Sala del Senado aprob\u00f3 el proyecto de ley que incentiva la donaci\u00f3n universal de \u00f3rganos y busca que quienes no quieren hacerlo&#8230;<\/p>\n","protected":false},"author":2,"featured_media":2386,"comment_status":"closed","ping_status":"open","sticky":false,"template":"","format":"standard","meta":{"footnotes":""},"categories":[4,267],"tags":[],"_links":{"self":[{"href":"http:\/\/www.primeranota.cl\/web\/wp-json\/wp\/v2\/posts\/5194"}],"collection":[{"href":"http:\/\/www.primeranota.cl\/web\/wp-json\/wp\/v2\/posts"}],"about":[{"href":"http:\/\/www.primeranota.cl\/web\/wp-json\/wp\/v2\/types\/post"}],"author":[{"embeddable":true,"href":"http:\/\/www.primeranota.cl\/web\/wp-json\/wp\/v2\/users\/2"}],"replies":[{"embeddable":true,"href":"http:\/\/www.primeranota.cl\/web\/wp-json\/wp\/v2\/comments?post=5194"}],"version-history":[{"count":1,"href":"http:\/\/www.primeranota.cl\/web\/wp-json\/wp\/v2\/posts\/5194\/revisions"}],"predecessor-version":[{"id":5195,"href":"http:\/\/www.primeranota.cl\/web\/wp-json\/wp\/v2\/posts\/5194\/revisions\/5195"}],"wp:featuredmedia":[{"embeddable":true,"href":"http:\/\/www.primeranota.cl\/web\/wp-json\/wp\/v2\/media\/2386"}],"wp:attachment":[{"href":"http:\/\/www.primeranota.cl\/web\/wp-json\/wp\/v2\/media?parent=5194"}],"wp:term":[{"taxonomy":"category","embeddable":true,"href":"http:\/\/www.primeranota.cl\/web\/wp-json\/wp\/v2\/categories?post=5194"},{"taxonomy":"post_tag","embeddable":true,"href":"http:\/\/www.primeranota.cl\/web\/wp-json\/wp\/v2\/tags?post=5194"}],"curies":[{"name":"wp","href":"https:\/\/api.w.org\/{rel}","templated":true}]}}