{"id":5215,"date":"2019-01-17T17:07:05","date_gmt":"2019-01-17T20:07:05","guid":{"rendered":"http:\/\/www.primeranota.cl\/web\/?p=5215"},"modified":"2019-01-17T17:07:05","modified_gmt":"2019-01-17T20:07:05","slug":"frente-amplio-se-retira-de-acuerdo-para-presidencia-de-la-camara-en-el-congreso-la-oposicion-no-es-mayoria","status":"publish","type":"post","link":"http:\/\/www.primeranota.cl\/web\/pais\/frente-amplio-se-retira-de-acuerdo-para-presidencia-de-la-camara-en-el-congreso-la-oposicion-no-es-mayoria\/","title":{"rendered":"Frente Amplio se retira de acuerdo para presidencia de La C\u00e1mara: \u201cEn el congreso la oposici\u00f3n no es mayor\u00eda\u201d"},"content":{"rendered":"<p>Los diputados que conforman la bancada del Frente Amplio decidieron romper el acuerdo de gobernabilidad suscrito con los dem\u00e1s partidos de la oposici\u00f3n, por lo que no votar\u00e1n por el DC Gabriel Silber para que presida la C\u00e1mara Baja a contar de marzo pr\u00f3ximo.<br \/>\n&#8220;El acuerdo se rompe del momento en que no hay una oposici\u00f3n, sino que hay sectores que se dicen a s\u00ed mismos de oposici\u00f3n, pero han votado sistem\u00e1ticamente con el Gobierno. Entonces, uno se pregunta cu\u00e1l es el sentido de este acuerdo&#8221;, afirm\u00f3 el diputado del Partido Humanista Tom\u00e1s Hirsch.<br \/>\n&#8220;Somos 20 parlamentarios y tenemos una convicci\u00f3n que este acuerdo de oposici\u00f3n no puede mantenerse con gente que no es de oposici\u00f3n, que no se mantiene con la oposici\u00f3n&#8221;, se\u00f1al\u00f3 el diputado F\u00e9lix Gonz\u00e1lez, del Partido Ecologista Verde.<br \/>\n&#8220;Nosotros no vamos a votar por Gabriel Silber. Tenemos que conversar con nuestros partidos y, por supuesto, con 20 votos menos, ese acuerdo de oposici\u00f3n no se puede realizar&#8221;, indic\u00f3.<br \/>\n&#8220;Por supuesto esto tiene costos para nosotros&#8221;, a\u00f1adi\u00f3 el parlamentario al ser consultado si es que los parlamentarios del FA renunciar\u00e1n a las presidencias de las comisiones de la C\u00e1mara.<br \/>\nEn la antesala de esta decisi\u00f3n, el diputado de Revoluci\u00f3n Democr\u00e1tica (RD) Miguel Crispi expres\u00f3: &#8220;Nos deja un sabor muy amargo&#8230; Nosotros hemos, quiz\u00e1s, facilitado que se construya una imagen de que la oposici\u00f3n tiene mayor\u00eda en el Congreso, pero no la tiene, no la ha tenido durante todo el a\u00f1o&#8221;<br \/>\nEl parlamentario agreg\u00f3 que &#8220;podemos tener disidencias, alguna incidencia mayor en las comisiones y al momento de llegar a la Sala en las votaciones m\u00e1s importantes estamos perdiendo porque hay cuatro o cinco votos de la Democracia Cristiana y del Partido Radical que sistem\u00e1ticamente votan con el oficialismo&#8221;.<br \/>\nTambi\u00e9n antes de que se oficializara este quiebre, el presidente de la DC, Fuad Chah\u00edn, dijo que no es su partido, sino que el Frente Amplio el que tiene que explicar su posici\u00f3n.<br \/>\n&#8220;Nosotros acostumbramos a cumplir nuestra palabra. Si ellos no la cumplen, si no tienen palabra, si no son confiables, si no respetan lo que firman, es un problema del Frente Amplio&#8221;, se\u00f1al\u00f3 Chahin.<br \/>\nCooperativa<\/p>\n","protected":false},"excerpt":{"rendered":"<p>Los diputados que conforman la bancada del Frente Amplio decidieron romper el acuerdo de gobernabilidad suscrito con los dem\u00e1s partidos de la oposici\u00f3n, por lo&#8230;<\/p>\n","protected":false},"author":2,"featured_media":4882,"comment_status":"closed","ping_status":"open","sticky":false,"template":"","format":"standard","meta":{"footnotes":""},"categories":[4,5],"tags":[],"_links":{"self":[{"href":"http:\/\/www.primeranota.cl\/web\/wp-json\/wp\/v2\/posts\/5215"}],"collection":[{"href":"http:\/\/www.primeranota.cl\/web\/wp-json\/wp\/v2\/posts"}],"about":[{"href":"http:\/\/www.primeranota.cl\/web\/wp-json\/wp\/v2\/types\/post"}],"author":[{"embeddable":true,"href":"http:\/\/www.primeranota.cl\/web\/wp-json\/wp\/v2\/users\/2"}],"replies":[{"embeddable":true,"href":"http:\/\/www.primeranota.cl\/web\/wp-json\/wp\/v2\/comments?post=5215"}],"version-history":[{"count":1,"href":"http:\/\/www.primeranota.cl\/web\/wp-json\/wp\/v2\/posts\/5215\/revisions"}],"predecessor-version":[{"id":5216,"href":"http:\/\/www.primeranota.cl\/web\/wp-json\/wp\/v2\/posts\/5215\/revisions\/5216"}],"wp:featuredmedia":[{"embeddable":true,"href":"http:\/\/www.primeranota.cl\/web\/wp-json\/wp\/v2\/media\/4882"}],"wp:attachment":[{"href":"http:\/\/www.primeranota.cl\/web\/wp-json\/wp\/v2\/media?parent=5215"}],"wp:term":[{"taxonomy":"category","embeddable":true,"href":"http:\/\/www.primeranota.cl\/web\/wp-json\/wp\/v2\/categories?post=5215"},{"taxonomy":"post_tag","embeddable":true,"href":"http:\/\/www.primeranota.cl\/web\/wp-json\/wp\/v2\/tags?post=5215"}],"curies":[{"name":"wp","href":"https:\/\/api.w.org\/{rel}","templated":true}]}}