{"id":5266,"date":"2019-01-20T09:12:34","date_gmt":"2019-01-20T12:12:34","guid":{"rendered":"http:\/\/www.primeranota.cl\/web\/?p=5266"},"modified":"2019-01-20T09:12:34","modified_gmt":"2019-01-20T12:12:34","slug":"rd-division-total-en-la-previa-a-las-elecciones","status":"publish","type":"post","link":"http:\/\/www.primeranota.cl\/web\/pais\/rd-division-total-en-la-previa-a-las-elecciones\/","title":{"rendered":"RD divisi\u00f3n total en la previa a las elecciones"},"content":{"rendered":"<p>RD divisi\u00f3n total en la previa a las elecciones<br \/>\nGiorgio Jackson, decidi\u00f3 sacar la voz y marcar su preferencia por la diputada Catalina P\u00e9rez -en desmedro de Javiera Parada y Alejandra Mill\u00e1n- como su candidata a la presidencia de RD en las internas que se realizar\u00e1n el viernes 25 y s\u00e1bado 26. Aqu\u00ed explica por qu\u00e9. ,\u201cTemo que RD pierda liderazgo como interlocutor en el Frente Amplio\u201d<br \/>\n\u00bfQu\u00e9 se juega RD en sus elecciones de directiva?<br \/>\nHay un primer desaf\u00edo: superar el n\u00famero de personas que participaron en la \u00faltima elecci\u00f3n, ver cu\u00e1nto nos falta por acercarnos a la militancia. Y, en segundo lugar, la conducci\u00f3n va a determinar la forma en c\u00f3mo se relacionan los actores pol\u00edticos de cara a la municipal de 2020 y eso preconfigura lo que va a pasar el 2021. Si bien los lineamientos generales est\u00e1n dados por el Congreso, cada directiva le da su sello, su \u00e9nfasis. \u00bfHa tomado una definici\u00f3n respecto de su candidata?<br \/>\nMe parece que la que ha concitado un proyecto pol\u00edtico que, a m\u00ed al menos me convence, es la lista Nueva Revoluci\u00f3n, liderada por Catalina P\u00e9rez. Y digo la lista, porque no se trata de qui\u00e9n la encabeza, sino de quienes componen las sensibilidades, la cohesi\u00f3n interna para liderar el partido dos a\u00f1os. Me gusta pensar en un partido que, anclado desde un domicilio frenteamplista, se propone disputar el liderazgo de la oposici\u00f3n.<br \/>\nEl 2018 hizo una opci\u00f3n por estar fuera de la primera l\u00ednea. \u00bfPor qu\u00e9 ahora saca la voz para dar su opini\u00f3n sobre la interna?<br \/>\nHoy d\u00eda puedo descansar en que el liderazgo de RD en el Parlamento est\u00e1 representado por distintas voces; antes me tocaba jugar un rol de unidad. Hoy eso no tiene que ser as\u00ed, ya han salido parlamentarios y parlamentarias a manifestar sus opciones y me hace sentir m\u00e1s libre de transmitir, manifestar e invitar a la gente a que participe y apoye la lista que encabeza Catalina P\u00e9rez.<\/p>\n<p>La Tercera<\/p>\n","protected":false},"excerpt":{"rendered":"<p>RD divisi\u00f3n total en la previa a las elecciones Giorgio Jackson, decidi\u00f3 sacar la voz y marcar su preferencia por la diputada Catalina P\u00e9rez -en&#8230;<\/p>\n","protected":false},"author":2,"featured_media":2233,"comment_status":"closed","ping_status":"open","sticky":false,"template":"","format":"standard","meta":{"footnotes":""},"categories":[4,267],"tags":[],"_links":{"self":[{"href":"http:\/\/www.primeranota.cl\/web\/wp-json\/wp\/v2\/posts\/5266"}],"collection":[{"href":"http:\/\/www.primeranota.cl\/web\/wp-json\/wp\/v2\/posts"}],"about":[{"href":"http:\/\/www.primeranota.cl\/web\/wp-json\/wp\/v2\/types\/post"}],"author":[{"embeddable":true,"href":"http:\/\/www.primeranota.cl\/web\/wp-json\/wp\/v2\/users\/2"}],"replies":[{"embeddable":true,"href":"http:\/\/www.primeranota.cl\/web\/wp-json\/wp\/v2\/comments?post=5266"}],"version-history":[{"count":1,"href":"http:\/\/www.primeranota.cl\/web\/wp-json\/wp\/v2\/posts\/5266\/revisions"}],"predecessor-version":[{"id":5267,"href":"http:\/\/www.primeranota.cl\/web\/wp-json\/wp\/v2\/posts\/5266\/revisions\/5267"}],"wp:featuredmedia":[{"embeddable":true,"href":"http:\/\/www.primeranota.cl\/web\/wp-json\/wp\/v2\/media\/2233"}],"wp:attachment":[{"href":"http:\/\/www.primeranota.cl\/web\/wp-json\/wp\/v2\/media?parent=5266"}],"wp:term":[{"taxonomy":"category","embeddable":true,"href":"http:\/\/www.primeranota.cl\/web\/wp-json\/wp\/v2\/categories?post=5266"},{"taxonomy":"post_tag","embeddable":true,"href":"http:\/\/www.primeranota.cl\/web\/wp-json\/wp\/v2\/tags?post=5266"}],"curies":[{"name":"wp","href":"https:\/\/api.w.org\/{rel}","templated":true}]}}