{"id":5336,"date":"2019-01-23T08:06:27","date_gmt":"2019-01-23T11:06:27","guid":{"rendered":"http:\/\/www.primeranota.cl\/web\/?p=5336"},"modified":"2019-01-23T08:06:27","modified_gmt":"2019-01-23T11:06:27","slug":"presidente-pinera-suspende-viaje-a-la-araucania-y-adelanta-sus-vacaciones","status":"publish","type":"post","link":"http:\/\/www.primeranota.cl\/web\/pais\/presidente-pinera-suspende-viaje-a-la-araucania-y-adelanta-sus-vacaciones\/","title":{"rendered":"Presidente Pi\u00f1era suspende viaje a La Araucan\u00eda y adelanta sus vacaciones"},"content":{"rendered":"<p>El Presidente de la Rep\u00fablica, Sebasti\u00e1n Pi\u00f1era, anunci\u00f3 que adelantar\u00e1 sus vacaciones tras la inauguraci\u00f3n de la L\u00ednea 3 del Metro de Santiago.<\/p>\n<p>Seg\u00fan confirm\u00f3 La Tercera, el mandatario se tomar\u00e1 un descanso a partir de este viernes 25 de enero en sus casas en los lagos Caburga y Ranco.<\/p>\n<p>De este modo, suspendi\u00f3 una visita que ten\u00eda prevista a las regiones de La Araucan\u00eda y Los Lagos, las que ser\u00e1n reagendadas cuando regrese de sus vacaciones a fines de la primera quincena de febrero.<\/p>\n<p>De acuerdo a versiones que maneja el rotativo, el jefe de Estado habr\u00eda optado por suspender el viaje a la zona para evitar reactivar el caso de Camilo Catrillanca y la tensi\u00f3n con los pescadores por el conflicto por el proyecto de Ley de la Jibia.<\/p>\n<p>De este modo, tambi\u00e9n se postergar\u00eda para marzo el env\u00edo de los proyectos de ley de isapres y la reforma laboral.<\/p>\n","protected":false},"excerpt":{"rendered":"<p>El Presidente de la Rep\u00fablica, Sebasti\u00e1n Pi\u00f1era, anunci\u00f3 que adelantar\u00e1 sus vacaciones tras la inauguraci\u00f3n de la L\u00ednea 3 del Metro de Santiago. Seg\u00fan confirm\u00f3&#8230;<\/p>\n","protected":false},"author":2,"featured_media":2537,"comment_status":"closed","ping_status":"open","sticky":false,"template":"","format":"standard","meta":{"footnotes":""},"categories":[4,267],"tags":[],"_links":{"self":[{"href":"http:\/\/www.primeranota.cl\/web\/wp-json\/wp\/v2\/posts\/5336"}],"collection":[{"href":"http:\/\/www.primeranota.cl\/web\/wp-json\/wp\/v2\/posts"}],"about":[{"href":"http:\/\/www.primeranota.cl\/web\/wp-json\/wp\/v2\/types\/post"}],"author":[{"embeddable":true,"href":"http:\/\/www.primeranota.cl\/web\/wp-json\/wp\/v2\/users\/2"}],"replies":[{"embeddable":true,"href":"http:\/\/www.primeranota.cl\/web\/wp-json\/wp\/v2\/comments?post=5336"}],"version-history":[{"count":1,"href":"http:\/\/www.primeranota.cl\/web\/wp-json\/wp\/v2\/posts\/5336\/revisions"}],"predecessor-version":[{"id":5337,"href":"http:\/\/www.primeranota.cl\/web\/wp-json\/wp\/v2\/posts\/5336\/revisions\/5337"}],"wp:featuredmedia":[{"embeddable":true,"href":"http:\/\/www.primeranota.cl\/web\/wp-json\/wp\/v2\/media\/2537"}],"wp:attachment":[{"href":"http:\/\/www.primeranota.cl\/web\/wp-json\/wp\/v2\/media?parent=5336"}],"wp:term":[{"taxonomy":"category","embeddable":true,"href":"http:\/\/www.primeranota.cl\/web\/wp-json\/wp\/v2\/categories?post=5336"},{"taxonomy":"post_tag","embeddable":true,"href":"http:\/\/www.primeranota.cl\/web\/wp-json\/wp\/v2\/tags?post=5336"}],"curies":[{"name":"wp","href":"https:\/\/api.w.org\/{rel}","templated":true}]}}