{"id":5412,"date":"2019-01-27T09:29:09","date_gmt":"2019-01-27T12:29:09","guid":{"rendered":"http:\/\/www.primeranota.cl\/web\/?p=5412"},"modified":"2019-01-27T09:29:09","modified_gmt":"2019-01-27T12:29:09","slug":"complicadas-elecciones-de-revolucion-democratica","status":"publish","type":"post","link":"http:\/\/www.primeranota.cl\/web\/pais\/complicadas-elecciones-de-revolucion-democratica\/","title":{"rendered":"Complicadas elecciones de Revoluci\u00f3n Democr\u00e1tica"},"content":{"rendered":"<p>M\u00e1s de mil personas tuvieron problemas para votar. Seg\u00fan recuento parcial, cerca de 2.900 militantes -un 7% del padr\u00f3n- han participado en comicios.<\/p>\n<p>Alrededor de las 15.00 horas de este s\u00e1bado llegaron hasta la sede de Revoluci\u00f3n Democr\u00e1tica (RD) Catalina P\u00e9rez, Javiera Parada y Alejandra Mill\u00e1n, las tres candidatas que disputan la presidencia de la pr\u00f3xima directiva. Esto, con la finalidad de abordar los problemas que hab\u00eda presentado el voto electr\u00f3nico de los comicios que empezaron el viernes 25, que finalizan este s\u00e1bado a las 23.59 horas y cuyos resultados se conocer\u00edan este domingo.<\/p>\n<p>Seg\u00fan denunciaron distintos militantes del partido, problemas t\u00e9cnicos impidieron el voto -en primera instancia- de m\u00e1s de mil personas. Entre las complicaciones se reportaron fallas en la verificaci\u00f3n a trav\u00e9s de mensaje de texto para algunas compa\u00f1\u00edas telef\u00f3nicas y problemas con el voto de militantes en el extranjero. Incluso, el tribunal supremo de RD habilit\u00f3 una p\u00e1gina web para recibir los reclamos.<\/p>\n<p>En la misma l\u00ednea, la activista Kena Lorenzini advirti\u00f3: \u201cOjo votantes RD con problemas t\u00e9cnicos con el navegador para votar. Si te pas\u00f3, int\u00e9ntalo de nuevo abriendo navegador inc\u00f3gnito\u201d.<\/p>\n<p>Fue ese el asunto que reuni\u00f3 este s\u00e1bado a las tres listas en competencia, las que incluso analizaron la posibilidad de alargar el proceso de votaci\u00f3n para permitir que quienes no pudieron marcar su preferencia tuviesen m\u00e1s tiempo de participar.<\/p>\n<p>Esa alternativa fue planteada en primer lugar por Parada, quien desde el viernes advert\u00eda las posibles consecuencias de las fallas.<\/p>\n<p>La exagregada cultural, seg\u00fan sus cercanos, sostuvo ante sus contendoras que el partido debe promover la participaci\u00f3n como un principio b\u00e1sico. Fuentes enteradas de la reuni\u00f3n aseguran que P\u00e9rez estuvo de acuerdo y que Mill\u00e1n fue la que rechaz\u00f3 la idea.<\/p>\n<p>Finalmente, por no existir un acuerdo un\u00e1nime, fue desechada esta opci\u00f3n y el tribunal supremo fue resolviendo durante la tarde caso a caso.<\/p>\n<p>Pese a eso, exist\u00eda una preocupaci\u00f3n transversal dentro de los distintos sectores de RD, quienes ve\u00edan con dificultad que se pudieran solucionar todos los casos antes del plazo.\u00a0 Esta noche, a\u00fan quedaban reportes por contestar.<\/p>\n","protected":false},"excerpt":{"rendered":"<p>M\u00e1s de mil personas tuvieron problemas para votar. Seg\u00fan recuento parcial, cerca de 2.900 militantes -un 7% del padr\u00f3n- han participado en comicios. Alrededor de&#8230;<\/p>\n","protected":false},"author":2,"featured_media":5379,"comment_status":"closed","ping_status":"open","sticky":false,"template":"","format":"standard","meta":{"footnotes":""},"categories":[4,267],"tags":[],"_links":{"self":[{"href":"http:\/\/www.primeranota.cl\/web\/wp-json\/wp\/v2\/posts\/5412"}],"collection":[{"href":"http:\/\/www.primeranota.cl\/web\/wp-json\/wp\/v2\/posts"}],"about":[{"href":"http:\/\/www.primeranota.cl\/web\/wp-json\/wp\/v2\/types\/post"}],"author":[{"embeddable":true,"href":"http:\/\/www.primeranota.cl\/web\/wp-json\/wp\/v2\/users\/2"}],"replies":[{"embeddable":true,"href":"http:\/\/www.primeranota.cl\/web\/wp-json\/wp\/v2\/comments?post=5412"}],"version-history":[{"count":1,"href":"http:\/\/www.primeranota.cl\/web\/wp-json\/wp\/v2\/posts\/5412\/revisions"}],"predecessor-version":[{"id":5413,"href":"http:\/\/www.primeranota.cl\/web\/wp-json\/wp\/v2\/posts\/5412\/revisions\/5413"}],"wp:featuredmedia":[{"embeddable":true,"href":"http:\/\/www.primeranota.cl\/web\/wp-json\/wp\/v2\/media\/5379"}],"wp:attachment":[{"href":"http:\/\/www.primeranota.cl\/web\/wp-json\/wp\/v2\/media?parent=5412"}],"wp:term":[{"taxonomy":"category","embeddable":true,"href":"http:\/\/www.primeranota.cl\/web\/wp-json\/wp\/v2\/categories?post=5412"},{"taxonomy":"post_tag","embeddable":true,"href":"http:\/\/www.primeranota.cl\/web\/wp-json\/wp\/v2\/tags?post=5412"}],"curies":[{"name":"wp","href":"https:\/\/api.w.org\/{rel}","templated":true}]}}