{"id":5418,"date":"2019-01-28T07:52:15","date_gmt":"2019-01-28T10:52:15","guid":{"rendered":"http:\/\/www.primeranota.cl\/web\/?p=5418"},"modified":"2019-01-28T07:52:15","modified_gmt":"2019-01-28T10:52:15","slug":"parlamentarios-evopoli-critican-dichos-de-fiscal-nacional-sobre-la-araucania","status":"publish","type":"post","link":"http:\/\/www.primeranota.cl\/web\/pais\/parlamentarios-evopoli-critican-dichos-de-fiscal-nacional-sobre-la-araucania\/","title":{"rendered":"Parlamentarios Ev\u00f3poli critican dichos de Fiscal Nacional sobre La Araucan\u00eda"},"content":{"rendered":"<p>Luego de que el Fiscal Nacional Jorge Abbott planteara que en La Araucan\u00eda no hay terrorismo, y que la \u201csoluci\u00f3n no pasa por un reproche penal\u201d, los parlamentarios de Ev\u00f3poli respondieron con dureza pidi\u00e9ndole que se haga responsable por la impunidad de los delitos en la regi\u00f3n.<\/p>\n<p>En duros t\u00e9rminos respondieron los parlamentarios de la bancada Ev\u00f3poli de la Regi\u00f3n de La Araucan\u00eda, a los dichos del Fiscal Nacional del Ministerio P\u00fablico, Jorge Abbott, quien pese a la evidente escalada de violencia que hoy enfrenta a la regi\u00f3n sostuvo que no existe terrorismo en la zona.<\/p>\n<p>Los senadores Carmen Gloria Aravena y Felipe Kast, y los diputados Sebasti\u00e1n \u00c1lvarez y Andr\u00e9s Molina, dieron a conocer su descontento frente a los dichos. \u201cNos parece grave que el Fiscal Nacional considere que no hay terrorismo en La Araucan\u00eda, porque eso es precisamente lo que viven a diario cientos de personas que no se sienten seguros ni en sus propios hogares\u201d, expres\u00f3 la senadora Aravena, agregando adem\u00e1s que \u201cel fiscal Jorge Abbott habla sin conocer la realidad en la zona, porque los actos de violencia que hemos enfrentado en la regi\u00f3n durante los \u00faltimos meses, no son hechos aislados\u201d.<\/p>\n<p>El senador por La Araucan\u00eda, Felipe Kast, critic\u00f3 tambi\u00e9n al Fiscal Abbott, \u201cla responsabilidad del Fiscal Nacional es terminar con la impunidad de los delitos penales en la regi\u00f3n, y en esa tarea claramente se encuentra al debe.\u00a0 La inteligencia y efectividad en la persecuci\u00f3n penal no est\u00e1 a la altura, lo que fomenta la acci\u00f3n de los violentistas\u201d.<\/p>\n<p>Similar impresi\u00f3n expres\u00f3 el diputado y ex Intendente de la regi\u00f3n, Andr\u00e9s Molina, quien dijo que \u201ces incre\u00edble que el responsable por ley de proteger a las v\u00edctimas y testigos no haga menci\u00f3n alguna a ellas, siendo que hoy viven desesperadas en nuestra Araucan\u00eda\u201d. Esto \u00faltimo fue reforzado por el parlamentario Sebasti\u00e1n \u00c1lvarez quien concluy\u00f3: \u201clas palabras del fiscal nos hacen da\u00f1o y desmotivan a quienes creemos en la justicia y demandamos que se castiguen estos graves hechos de violencia, pues hacen perder la esperanza de que una vez por todas que se termine con la impunidad en la regi\u00f3n. Es impresentable que quien es responsable de perseguir el delito asuma un rol de juez y entregue un veredicto de esta manera\u201d.<\/p>\n","protected":false},"excerpt":{"rendered":"<p>Luego de que el Fiscal Nacional Jorge Abbott planteara que en La Araucan\u00eda no hay terrorismo, y que la \u201csoluci\u00f3n no pasa por un reproche&#8230;<\/p>\n","protected":false},"author":2,"featured_media":5003,"comment_status":"closed","ping_status":"open","sticky":false,"template":"","format":"standard","meta":{"footnotes":""},"categories":[4,267],"tags":[],"_links":{"self":[{"href":"http:\/\/www.primeranota.cl\/web\/wp-json\/wp\/v2\/posts\/5418"}],"collection":[{"href":"http:\/\/www.primeranota.cl\/web\/wp-json\/wp\/v2\/posts"}],"about":[{"href":"http:\/\/www.primeranota.cl\/web\/wp-json\/wp\/v2\/types\/post"}],"author":[{"embeddable":true,"href":"http:\/\/www.primeranota.cl\/web\/wp-json\/wp\/v2\/users\/2"}],"replies":[{"embeddable":true,"href":"http:\/\/www.primeranota.cl\/web\/wp-json\/wp\/v2\/comments?post=5418"}],"version-history":[{"count":1,"href":"http:\/\/www.primeranota.cl\/web\/wp-json\/wp\/v2\/posts\/5418\/revisions"}],"predecessor-version":[{"id":5419,"href":"http:\/\/www.primeranota.cl\/web\/wp-json\/wp\/v2\/posts\/5418\/revisions\/5419"}],"wp:featuredmedia":[{"embeddable":true,"href":"http:\/\/www.primeranota.cl\/web\/wp-json\/wp\/v2\/media\/5003"}],"wp:attachment":[{"href":"http:\/\/www.primeranota.cl\/web\/wp-json\/wp\/v2\/media?parent=5418"}],"wp:term":[{"taxonomy":"category","embeddable":true,"href":"http:\/\/www.primeranota.cl\/web\/wp-json\/wp\/v2\/categories?post=5418"},{"taxonomy":"post_tag","embeddable":true,"href":"http:\/\/www.primeranota.cl\/web\/wp-json\/wp\/v2\/tags?post=5418"}],"curies":[{"name":"wp","href":"https:\/\/api.w.org\/{rel}","templated":true}]}}