{"id":5503,"date":"2019-02-01T08:02:25","date_gmt":"2019-02-01T11:02:25","guid":{"rendered":"http:\/\/www.primeranota.cl\/web\/?p=5503"},"modified":"2019-02-01T08:02:25","modified_gmt":"2019-02-01T11:02:25","slug":"ministro-monckeberg-por-despidos-de-enap-estaban-planificados","status":"publish","type":"post","link":"http:\/\/www.primeranota.cl\/web\/pais\/ministro-monckeberg-por-despidos-de-enap-estaban-planificados\/","title":{"rendered":"Ministro Monckeberg  por despidos de ENAP: \u201dEstaban planificados\u201d"},"content":{"rendered":"<p>Ante el despido de 350 trabajadores de la Empresa Nacional del Petr\u00f3leo (ENAP) producido el martes, el ministro del Trabajo Nicol\u00e1s Monckeberg asegur\u00f3 que las desvinculaciones estaban \u201cplanificadas\u201d y \u201cconversadas con los sindicatos\u201d.<\/p>\n<p>El secretario de Estado afirm\u00f3 que \u201cson despidos que no son improvisados, que corresponden a un plan de reestructuraci\u00f3n de la empresa, ellos tienen la autonom\u00eda para tomar esa decisi\u00f3n\u201d.<\/p>\n<p>\u201cNuestra misi\u00f3n como Ministerio del Trabajo es que aquellos trabajadores que fueron despedidos tienen las puertas abiertas del ministerio para todos los programas de Sence que pueden ayudar a que r\u00e1pidamente se reinserten en el mercado laboral\u201d, agreg\u00f3.<\/p>\n<p>Mientras que el ministro de Hacienda Felipe Larra\u00edn declar\u00f3 que \u201ces indudable que cada vez que se comunican despidos en una empresa es algo que nos preocupa y que ciertamente lamentamos\u201d.<\/p>\n<p>\u201cHay cosas que no se pueden evitar y adem\u00e1s que en muchos casos obedecen a situaciones financieras que son complejas\u2026 hacemos los esfuerzos para que esas personas que pierden su trabajo tengan oportunidades y que la econom\u00eda est\u00e9 creando m\u00e1s empleo\u201d, a\u00f1adi\u00f3.<\/p>\n<p>Adem\u00e1s de las desvinculaciones en ENAP, tambi\u00e9n en la empresa minera Anglo American hubo el martes 180 despidos. Ante esto, los dirigentes sindicales anunciaron que interpondr\u00e1n acciones legales contra la compa\u00f1\u00eda.<\/p>\n<p>\u201cLa decisi\u00f3n de interponer o no acciones de reclamo es un derecho que tienen los trabajadores y nadie puede entrometerse en aquello\u201d, declar\u00f3 el ministro Monckeberg.<\/p>\n<p>Agreg\u00f3 que \u201clo que aqu\u00ed corresponde es que los trabajadores ejerzan todos los derechos que ellos estimen convenientes y que creen que les corresponden. No le corresponde al Ministerio del Trabajo involucrarse en un conflicto entre particulares, solo dar garant\u00edas de que las instituciones funcionen tanto en la fiscalizaci\u00f3n adecuada como en el respeto de todos sus derechos<\/p>\n","protected":false},"excerpt":{"rendered":"<p>Ante el despido de 350 trabajadores de la Empresa Nacional del Petr\u00f3leo (ENAP) producido el martes, el ministro del Trabajo Nicol\u00e1s Monckeberg asegur\u00f3 que las&#8230;<\/p>\n","protected":false},"author":2,"featured_media":988,"comment_status":"closed","ping_status":"open","sticky":false,"template":"","format":"standard","meta":{"footnotes":""},"categories":[4,267],"tags":[],"_links":{"self":[{"href":"http:\/\/www.primeranota.cl\/web\/wp-json\/wp\/v2\/posts\/5503"}],"collection":[{"href":"http:\/\/www.primeranota.cl\/web\/wp-json\/wp\/v2\/posts"}],"about":[{"href":"http:\/\/www.primeranota.cl\/web\/wp-json\/wp\/v2\/types\/post"}],"author":[{"embeddable":true,"href":"http:\/\/www.primeranota.cl\/web\/wp-json\/wp\/v2\/users\/2"}],"replies":[{"embeddable":true,"href":"http:\/\/www.primeranota.cl\/web\/wp-json\/wp\/v2\/comments?post=5503"}],"version-history":[{"count":1,"href":"http:\/\/www.primeranota.cl\/web\/wp-json\/wp\/v2\/posts\/5503\/revisions"}],"predecessor-version":[{"id":5504,"href":"http:\/\/www.primeranota.cl\/web\/wp-json\/wp\/v2\/posts\/5503\/revisions\/5504"}],"wp:featuredmedia":[{"embeddable":true,"href":"http:\/\/www.primeranota.cl\/web\/wp-json\/wp\/v2\/media\/988"}],"wp:attachment":[{"href":"http:\/\/www.primeranota.cl\/web\/wp-json\/wp\/v2\/media?parent=5503"}],"wp:term":[{"taxonomy":"category","embeddable":true,"href":"http:\/\/www.primeranota.cl\/web\/wp-json\/wp\/v2\/categories?post=5503"},{"taxonomy":"post_tag","embeddable":true,"href":"http:\/\/www.primeranota.cl\/web\/wp-json\/wp\/v2\/tags?post=5503"}],"curies":[{"name":"wp","href":"https:\/\/api.w.org\/{rel}","templated":true}]}}