{"id":5505,"date":"2019-02-01T08:09:43","date_gmt":"2019-02-01T11:09:43","guid":{"rendered":"http:\/\/www.primeranota.cl\/web\/?p=5505"},"modified":"2019-02-01T08:09:43","modified_gmt":"2019-02-01T11:09:43","slug":"caso-frei-el-nuevo-escenario-para-el-subsecretario-castillo","status":"publish","type":"post","link":"http:\/\/www.primeranota.cl\/web\/pais\/caso-frei-el-nuevo-escenario-para-el-subsecretario-castillo\/","title":{"rendered":"Caso Frei: el nuevo escenario para el subsecretario Castillo"},"content":{"rendered":"<p>El fallo del ministro en visita Alejandro Madrid determin\u00f3 que el ex Presidente Eduardo Frei fue asesinado y conden\u00f3 a seis personas por ello. Adem\u00e1s, se menciona que Luis Castillo -actual subsecretario de Redes Asistenciales-, no tiene &#8220;responsabilidad penal&#8221; como encubridor. El documento de 811 p\u00e1ginas establece que el personero de Gobierno s\u00ed tuvo un actuar &#8220;cuestionable&#8221; el a\u00f1o 2000 cuando siendo director del Hospital Cl\u00ednico de la UC se neg\u00f3 a la solicitud de entregar detalles de la autopsia realizada al ex Mandatario en 1982 practicada por m\u00e9dicos ahora condenados en el caso y que eran funcionarios de ese recinto de salud. Castillo se defendi\u00f3 diciendo que la familia no se lo pidi\u00f3.<\/p>\n<p>Es por este \u00faltimo punto que en la Democracia Cristiana volvieron a plantear, ahora con este argumento, que Castillo debe salir de la Subsecretar\u00eda. Esta solicitud fue hecha a penas fue nominado por el Presidente Sebasti\u00e1n Pi\u00f1era y entre otras acciones de protesta, decidieron vetarlo en el Congreso logrando el apoyo de la oposici\u00f3n. El jefe de bancada de la falange, diputado Mat\u00edas Walker, explic\u00f3 que para ellos &#8220;el reproche&#8221; a la autoridad del Minsal &#8220;siempre fue pol\u00edtico, y sigue siendo pol\u00edtico&#8221;, por lo que dijo &#8220;insistir en la necesidad de su renuncia&#8221;.<\/p>\n<p>Esto es algo que respaldan en la DC, muestra de ello es que en la reuni\u00f3n entre militantes con la familia Frei una vez que se conoci\u00f3 el fallo, los presentes gritaron &#8220;\u00a1fuera Castillo!&#8221;. &#8220;Ahora, s\u00ed es un tema \u00e9tico. Es un tema que seg\u00fan lo que se lee en el fallo no hay un cargo penal. Bueno, las personas tienen que asumir sus responsabilidades y las autoridades que lo han nombrado tendr\u00e1n que tomar su decisi\u00f3n&#8221;, dijo hoy el ex Presidente Eduardo Frei Ruiz-Tagle en radio Cooperativa.<\/p>\n<p>En respuesta a esto, el ministro del Interior, Andr\u00e9s Chadwick, se\u00f1al\u00f3 que Castillo &#8220;qued\u00f3 sin ninguna situaci\u00f3n de car\u00e1cter jur\u00eddico (en el fallo), pero como lo reitero todos los ministros y subsecretarios estamos cumpliendo nuestras tareas, estamos cumpliendo nuestras funciones. Y desde siempre y en todo momento nuestros cargos a disposici\u00f3n del Presidente&#8221;. La opini\u00f3n de los expertos El doctor en Ciencias Pol\u00edticas y acad\u00e9mico de la Universidad de Talca, Mauricio Morales, explic\u00f3 que con esto la DC &#8220;vuelve a ser protagonista&#8221; y por ende, a su juicio, &#8220;el Gobierno debiese tener un gesto m\u00ednimo&#8221;. &#8220;Si es que el Presidente Pi\u00f1era realiza un cambio de gabinete durante el mes de febrero podr\u00eda aprovechar esa instancia para destituir a Castillo y as\u00ed apagar el fuego que tiene desde la oposici\u00f3n dado que la Democracia Cristiana es el \u00fanico partido que est\u00e1 en condiciones de cooperar con el Gobierno&#8221;, explic\u00f3. &#8220;El subsecretario Castillo si bien zafa de ser condenado penalmente, queda debilitado en t\u00e9rminos de legitimidad pol\u00edtica para desempe\u00f1ar el cargo&#8221; Marco Moreno As\u00ed tambi\u00e9n analiz\u00f3 el experto analiz\u00f3 la posici\u00f3n en la que queda la DC con este fallo y lo pertinente que es que se abandere con esta solicitud.<\/p>\n<p>&#8220;El hecho de que la Democracia Cristiana solicite la renuncia de Luis Castillo permite colocar al partido detr\u00e1s de esta demanda tratando de soslayar las diferencias evidentes que hay dentro de la familia Frei. Lo peor que le puede pasar a la DC es ser protagonista de una divisi\u00f3n pol\u00edtica dentro del partido frente a un fallo hist\u00f3rico, por lo tanto una forma de unir al partido detr\u00e1s de eSta demanda es solicitar la renuncia&#8221;, sostuvo Morales.<\/p>\n<p>Con \u00e9l coincide el decano de la Facultad de Gobierno de la Universidad Central, Marco Moreno, quien asegur\u00f3 que &#8220;la invocaci\u00f3n del principio de responsabilidad pol\u00edtica en el caso del subsecretario Castillo tiene asidero&#8221;. &#8220;La responsabilidad pol\u00edtica no se basa solamente en conductas il\u00edcitas, sino tambi\u00e9n en l\u00edcitas, porque no descansa solamente sobre criterios de legalidad sino tambi\u00e9n de oportunidad. No entregar en forma oportuna la informaci\u00f3n que solicito la familia Fre\u00ed se puede enmarcar en este contexto&#8221;, plante\u00f3.<\/p>\n<p>El doctor en Ciencias Pol\u00edticas agreg\u00f3 si bien &#8220;el subsecretario Castillo si bien zafa de ser condenado penalmente, queda debilitado en t\u00e9rminos de legitimidad pol\u00edtica para desempe\u00f1ar el cargo y tener responsabilidad de gesti\u00f3n en un sector clave como salud&#8221;.<\/p>\n","protected":false},"excerpt":{"rendered":"<p>El fallo del ministro en visita Alejandro Madrid determin\u00f3 que el ex Presidente Eduardo Frei fue asesinado y conden\u00f3 a seis personas por ello. Adem\u00e1s,&#8230;<\/p>\n","protected":false},"author":2,"featured_media":5480,"comment_status":"closed","ping_status":"open","sticky":false,"template":"","format":"standard","meta":{"footnotes":""},"categories":[4,267],"tags":[],"_links":{"self":[{"href":"http:\/\/www.primeranota.cl\/web\/wp-json\/wp\/v2\/posts\/5505"}],"collection":[{"href":"http:\/\/www.primeranota.cl\/web\/wp-json\/wp\/v2\/posts"}],"about":[{"href":"http:\/\/www.primeranota.cl\/web\/wp-json\/wp\/v2\/types\/post"}],"author":[{"embeddable":true,"href":"http:\/\/www.primeranota.cl\/web\/wp-json\/wp\/v2\/users\/2"}],"replies":[{"embeddable":true,"href":"http:\/\/www.primeranota.cl\/web\/wp-json\/wp\/v2\/comments?post=5505"}],"version-history":[{"count":1,"href":"http:\/\/www.primeranota.cl\/web\/wp-json\/wp\/v2\/posts\/5505\/revisions"}],"predecessor-version":[{"id":5506,"href":"http:\/\/www.primeranota.cl\/web\/wp-json\/wp\/v2\/posts\/5505\/revisions\/5506"}],"wp:featuredmedia":[{"embeddable":true,"href":"http:\/\/www.primeranota.cl\/web\/wp-json\/wp\/v2\/media\/5480"}],"wp:attachment":[{"href":"http:\/\/www.primeranota.cl\/web\/wp-json\/wp\/v2\/media?parent=5505"}],"wp:term":[{"taxonomy":"category","embeddable":true,"href":"http:\/\/www.primeranota.cl\/web\/wp-json\/wp\/v2\/categories?post=5505"},{"taxonomy":"post_tag","embeddable":true,"href":"http:\/\/www.primeranota.cl\/web\/wp-json\/wp\/v2\/tags?post=5505"}],"curies":[{"name":"wp","href":"https:\/\/api.w.org\/{rel}","templated":true}]}}