{"id":5517,"date":"2019-02-02T08:58:45","date_gmt":"2019-02-02T11:58:45","guid":{"rendered":"http:\/\/www.primeranota.cl\/web\/?p=5517"},"modified":"2019-02-02T08:58:45","modified_gmt":"2019-02-02T11:58:45","slug":"duran-y-los-cuestionamientos-de-los-pastores-evangelicos","status":"publish","type":"post","link":"http:\/\/www.primeranota.cl\/web\/pais\/duran-y-los-cuestionamientos-de-los-pastores-evangelicos\/","title":{"rendered":"Duran y los cuestionamientos de los pastores evangelicos"},"content":{"rendered":"<p>\u201cEn los d\u00edas en que vivimos, la verdad es que no debiera ser (\u2026). No es \u00e9tica esa forma de actuar del se\u00f1or (Eduardo) Dur\u00e1n\u201d. As\u00ed calific\u00f3 el obispo Bernardo Cartes, l\u00edder la Iglesia Metodista Pentecostal de Derecho P\u00fablico, la manera en que la m\u00e1xima autoridad de la Catedral Evang\u00e9lica distribuye los fondos que percibe al mes por el diezmo.<\/p>\n<p>Su forma de administrar ese dinero la transparent\u00f3 Dur\u00e1n a la fiscal\u00eda el 23 de enero pasado, cuando -en calidad de imputado por presunto lavado de activos- declar\u00f3 que percib\u00eda al mes m\u00e1s de $ 30 millones en diezmo. De ese total, dijo, menos de la mitad lo entrega a pastores y gastos de la iglesia, cerca de $ 9 se los da a sus dos hijos (uno de ellos es el diputado RN Eduardo Dur\u00e1n), y \u00e9l -seg\u00fan declar\u00f3- se queda para uso personal con $ 14 millones aproximadamente.<\/p>\n<p>Al respecto, el obispo Cartes, quien declar\u00f3 en este caso el a\u00f1o pasado, en calidad de testigo ante la PDI, agreg\u00f3 a La Tercera que \u201ctodos nuestros pastores son gente modesta que viven con $ 1 mill\u00f3n, algunos con $ 2 millones, otros con $ 500 mil, iglesias peque\u00f1as, pero no tenemos cifras catastr\u00f3ficas de uno que gane $ 10 millones\u201d.<\/p>\n<p>El secretario de la Mesa Ampliada Evang\u00e9lica, el pastor Erwin Castro, dijo que \u201cen lo personal, veo un tema \u00e9tico aqu\u00ed, hay ciertos montos que tampoco est\u00e1n regulados (\u2026) y eso, l\u00f3gicamente, se puede prestar para muchas cosas\u201d. Agreg\u00f3 que \u201cpienso que sobre $ 5 millones para un pastor es excesivo\u201d.<\/p>\n<p>El pastor Jorge C\u00e1rdenas, de la Iglesia Evang\u00e9lica Presbiteriana, se\u00f1al\u00f3 que lo que recibe Dur\u00e1n \u201cno es algo general, lo que pasa es que la cultura chilena confunde a todos los evang\u00e9licos con lo mismo, y no son todos iguales\u201d.<\/p>\n<p>Para el diputado Pablo Vidal, hijo de pastores evang\u00e9licos, la realidad de Dur\u00e1n es \u00fanica: \u201cEs probable que \u00e9l sea el \u00fanico obispo en Chile que tiene esos niveles de ingresos. El problema est\u00e1 en que como \u00e9l es el obispo de la Iglesia Evang\u00e9lica m\u00e1s conocida, al menos por la poblaci\u00f3n no evang\u00e9lica en Chile, da la impresi\u00f3n de que son todos los pastores los que se est\u00e1n llenando los bolsillos, cuando la realidad pastoral es muy distinta\u201d.<\/p>\n<p>En medio de los cuestionamientos, hoy lleg\u00f3 Dur\u00e1n-junto a otros obispos evang\u00e9licos- hasta La Moneda para reunirse con el titular de la Segpres, Gonzalo Blumel. La cita, seg\u00fan explicaron desde el Ejecutivo, corresponde a una actividad que se realiza regularmente con los obispos y pastores que trabajan con Oficina Nacional de Asuntos Religiosos (ONAR). Esto, para seguir avanzando en la reforma a la ley de cultos que quiere hacer el gobierno.<\/p>\n<p>De todas formas, posteriormente al encuentro grupal, Dur\u00e1n se reuni\u00f3 junto a sus asesores con el secretario de Estado, instancia en la que, seg\u00fan presentes, abord\u00f3 su situaci\u00f3n personal y habr\u00eda planteado que las denuncias en su contra no tienen fundamentos.<\/p>\n","protected":false},"excerpt":{"rendered":"<p>\u201cEn los d\u00edas en que vivimos, la verdad es que no debiera ser (\u2026). No es \u00e9tica esa forma de actuar del se\u00f1or (Eduardo) Dur\u00e1n\u201d&#8230;.<\/p>\n","protected":false},"author":2,"featured_media":5518,"comment_status":"closed","ping_status":"open","sticky":false,"template":"","format":"standard","meta":{"footnotes":""},"categories":[4,267],"tags":[],"_links":{"self":[{"href":"http:\/\/www.primeranota.cl\/web\/wp-json\/wp\/v2\/posts\/5517"}],"collection":[{"href":"http:\/\/www.primeranota.cl\/web\/wp-json\/wp\/v2\/posts"}],"about":[{"href":"http:\/\/www.primeranota.cl\/web\/wp-json\/wp\/v2\/types\/post"}],"author":[{"embeddable":true,"href":"http:\/\/www.primeranota.cl\/web\/wp-json\/wp\/v2\/users\/2"}],"replies":[{"embeddable":true,"href":"http:\/\/www.primeranota.cl\/web\/wp-json\/wp\/v2\/comments?post=5517"}],"version-history":[{"count":1,"href":"http:\/\/www.primeranota.cl\/web\/wp-json\/wp\/v2\/posts\/5517\/revisions"}],"predecessor-version":[{"id":5519,"href":"http:\/\/www.primeranota.cl\/web\/wp-json\/wp\/v2\/posts\/5517\/revisions\/5519"}],"wp:featuredmedia":[{"embeddable":true,"href":"http:\/\/www.primeranota.cl\/web\/wp-json\/wp\/v2\/media\/5518"}],"wp:attachment":[{"href":"http:\/\/www.primeranota.cl\/web\/wp-json\/wp\/v2\/media?parent=5517"}],"wp:term":[{"taxonomy":"category","embeddable":true,"href":"http:\/\/www.primeranota.cl\/web\/wp-json\/wp\/v2\/categories?post=5517"},{"taxonomy":"post_tag","embeddable":true,"href":"http:\/\/www.primeranota.cl\/web\/wp-json\/wp\/v2\/tags?post=5517"}],"curies":[{"name":"wp","href":"https:\/\/api.w.org\/{rel}","templated":true}]}}