{"id":5530,"date":"2019-02-03T09:10:34","date_gmt":"2019-02-03T12:10:34","guid":{"rendered":"http:\/\/www.primeranota.cl\/web\/?p=5530"},"modified":"2019-02-03T09:10:34","modified_gmt":"2019-02-03T12:10:34","slug":"gobierno-anuncia-expulsion-de-12-mil-migrantes","status":"publish","type":"post","link":"http:\/\/www.primeranota.cl\/web\/pais\/gobierno-anuncia-expulsion-de-12-mil-migrantes\/","title":{"rendered":"Gobierno anuncia expulsi\u00f3n de 12 mil migrantes"},"content":{"rendered":"<p>El ministro del Interior (s), Rodrigo Ubilla, anunci\u00f3 que el Gobierno iniciar\u00e1 un proceso de expulsi\u00f3n de 12 mil migrantes que no cumplen los requisitos de regularizaci\u00f3n establecidos por la administraci\u00f3n del Presidente Sebasti\u00e1n Pi\u00f1era, como estar involucrados en delitos graves o haber ingresado a Chile despu\u00e9s del plazo establecido.<\/p>\n<p>Emol<\/p>\n","protected":false},"excerpt":{"rendered":"<p>El ministro del Interior (s), Rodrigo Ubilla, anunci\u00f3 que el Gobierno iniciar\u00e1 un proceso de expulsi\u00f3n de 12 mil migrantes que no cumplen los requisitos&#8230;<\/p>\n","protected":false},"author":2,"featured_media":4438,"comment_status":"closed","ping_status":"open","sticky":false,"template":"","format":"standard","meta":{"footnotes":""},"categories":[4,267],"tags":[],"_links":{"self":[{"href":"http:\/\/www.primeranota.cl\/web\/wp-json\/wp\/v2\/posts\/5530"}],"collection":[{"href":"http:\/\/www.primeranota.cl\/web\/wp-json\/wp\/v2\/posts"}],"about":[{"href":"http:\/\/www.primeranota.cl\/web\/wp-json\/wp\/v2\/types\/post"}],"author":[{"embeddable":true,"href":"http:\/\/www.primeranota.cl\/web\/wp-json\/wp\/v2\/users\/2"}],"replies":[{"embeddable":true,"href":"http:\/\/www.primeranota.cl\/web\/wp-json\/wp\/v2\/comments?post=5530"}],"version-history":[{"count":1,"href":"http:\/\/www.primeranota.cl\/web\/wp-json\/wp\/v2\/posts\/5530\/revisions"}],"predecessor-version":[{"id":5531,"href":"http:\/\/www.primeranota.cl\/web\/wp-json\/wp\/v2\/posts\/5530\/revisions\/5531"}],"wp:featuredmedia":[{"embeddable":true,"href":"http:\/\/www.primeranota.cl\/web\/wp-json\/wp\/v2\/media\/4438"}],"wp:attachment":[{"href":"http:\/\/www.primeranota.cl\/web\/wp-json\/wp\/v2\/media?parent=5530"}],"wp:term":[{"taxonomy":"category","embeddable":true,"href":"http:\/\/www.primeranota.cl\/web\/wp-json\/wp\/v2\/categories?post=5530"},{"taxonomy":"post_tag","embeddable":true,"href":"http:\/\/www.primeranota.cl\/web\/wp-json\/wp\/v2\/tags?post=5530"}],"curies":[{"name":"wp","href":"https:\/\/api.w.org\/{rel}","templated":true}]}}