{"id":5606,"date":"2019-02-06T19:55:08","date_gmt":"2019-02-06T22:55:08","guid":{"rendered":"http:\/\/www.primeranota.cl\/web\/?p=5606"},"modified":"2019-02-06T19:55:08","modified_gmt":"2019-02-06T22:55:08","slug":"trabajadores-del-mineduc-critican-duramente-a-marcela-cubillos","status":"publish","type":"post","link":"http:\/\/www.primeranota.cl\/web\/pais\/trabajadores-del-mineduc-critican-duramente-a-marcela-cubillos\/","title":{"rendered":"Trabajadores del Mineduc critican duramente a Marcela Cubillos"},"content":{"rendered":"<p>Una dura declaraci\u00f3n p\u00fablica emitieron los trabajadores del ministerio de Educaci\u00f3n contra la conducci\u00f3n de Marcela Cubillos, acusando despilfarro de recursos, contrataci\u00f3n de asesores con sueldos millonarios y el desmantelamiento de la Divisi\u00f3n de Educaci\u00f3n General, entre otros graves problemas.<\/p>\n<p>Los funcionarios acusaron un abandono del \u201crol rector del organismo y expresaron su \u201cm\u00e1xima preocupaci\u00f3n\u201d por el estado del servicio. Por eso, reiteran \u201cel llamado al Presidente Pi\u00f1era a dejar de lado las puestas en escena comunicacionales y medi\u00e1ticas sobre educaci\u00f3n (\u2026) Se habla de &#8216;calidad&#8217;, &#8216;m\u00e9rito&#8217;, &#8216;justicia en los accesos&#8217; y tanta pirotecnia verbal, sin el sentido real de una Educaci\u00f3n de excelencia para todos y todas\u201d.<\/p>\n<p>La Asociaci\u00f3n Nacional de Funcionarios del Ministerio de Educaci\u00f3n (Andime) sostuvo que \u201ctodo lo que la autoridad escribe y declara, cae en inmediata contradicci\u00f3n\u201d y ponen como ejemplo la circular del Ministerio de Hacienda sobre la pol\u00edtica de austeridad.<\/p>\n<p>A juicio de los trabajadores, estas directrices se cumplen s\u00f3lo \u201cpara los funcionarios que llevan a\u00f1os desarrollando Pol\u00edticas P\u00fablicas para la Educaci\u00f3n de todos y todas\u201d, pero en cambio acusan un \u201cescandaloso despilfarro de recursos en giras promocionales para el proyecto de ley denominado Admisi\u00f3n Justa\u201d.<\/p>\n<p>Esto, en alusi\u00f3n a la gira por 26 comunas emprendida por la ministra para defender el proyecto que reemplaza la Ley de Inclusi\u00f3n de Bachelet, y que ya la ha desplegado en comunas como Vallenar, Copiap\u00f3 Coquimbo, La Serena y Antofagasta, entre otras.<\/p>\n<p>Cubillos ha ido posteando en redes sociales cada uno de esos encuentros con apoderados que presenta como afectados por el sistema de admisi\u00f3n escolar vigente. En Twitter, incluso defendi\u00f3 su nuevo proyecto con la premisa de que \u201cesta vez se debe escuchar m\u00e1s a los padres y quiz\u00e1s menos a los &#8216;expertos'&#8221;.<\/p>\n<p>Pero Andime cuestiona este despliegue de la ministra. \u201cTenemos una ministra que de redes sociales sabe mucho, pero de educaci\u00f3n sin discriminaci\u00f3n e inclusiva, nada. Particularmente si se hace un proyecto con un nombre como \u201cAdmisi\u00f3n Justa\u201d que lo \u00fanico real es que le abre las puertas a los sostenedores para que hagan uso y abuso de los recursos que todos los chilenos aportamos a la educaci\u00f3n, y deja al Ministerio de Educaci\u00f3n sin cumplir su rol fiscalizador de dichos recursos. Libertinaje puro, con la anuencia del Estado\u201d, acusaron.<\/p>\n","protected":false},"excerpt":{"rendered":"<p>Una dura declaraci\u00f3n p\u00fablica emitieron los trabajadores del ministerio de Educaci\u00f3n contra la conducci\u00f3n de Marcela Cubillos, acusando despilfarro de recursos, contrataci\u00f3n de asesores con&#8230;<\/p>\n","protected":false},"author":2,"featured_media":3251,"comment_status":"closed","ping_status":"open","sticky":false,"template":"","format":"standard","meta":{"footnotes":""},"categories":[4,267],"tags":[],"_links":{"self":[{"href":"http:\/\/www.primeranota.cl\/web\/wp-json\/wp\/v2\/posts\/5606"}],"collection":[{"href":"http:\/\/www.primeranota.cl\/web\/wp-json\/wp\/v2\/posts"}],"about":[{"href":"http:\/\/www.primeranota.cl\/web\/wp-json\/wp\/v2\/types\/post"}],"author":[{"embeddable":true,"href":"http:\/\/www.primeranota.cl\/web\/wp-json\/wp\/v2\/users\/2"}],"replies":[{"embeddable":true,"href":"http:\/\/www.primeranota.cl\/web\/wp-json\/wp\/v2\/comments?post=5606"}],"version-history":[{"count":1,"href":"http:\/\/www.primeranota.cl\/web\/wp-json\/wp\/v2\/posts\/5606\/revisions"}],"predecessor-version":[{"id":5607,"href":"http:\/\/www.primeranota.cl\/web\/wp-json\/wp\/v2\/posts\/5606\/revisions\/5607"}],"wp:featuredmedia":[{"embeddable":true,"href":"http:\/\/www.primeranota.cl\/web\/wp-json\/wp\/v2\/media\/3251"}],"wp:attachment":[{"href":"http:\/\/www.primeranota.cl\/web\/wp-json\/wp\/v2\/media?parent=5606"}],"wp:term":[{"taxonomy":"category","embeddable":true,"href":"http:\/\/www.primeranota.cl\/web\/wp-json\/wp\/v2\/categories?post=5606"},{"taxonomy":"post_tag","embeddable":true,"href":"http:\/\/www.primeranota.cl\/web\/wp-json\/wp\/v2\/tags?post=5606"}],"curies":[{"name":"wp","href":"https:\/\/api.w.org\/{rel}","templated":true}]}}