{"id":5656,"date":"2019-02-09T08:59:28","date_gmt":"2019-02-09T11:59:28","guid":{"rendered":"http:\/\/www.primeranota.cl\/web\/?p=5656"},"modified":"2019-02-09T09:22:07","modified_gmt":"2019-02-09T12:22:07","slug":"familiares-de-ejecutados-politicos-piden-explicaciones-a-lagos-por-nombramiento-de-cheyre","status":"publish","type":"post","link":"http:\/\/www.primeranota.cl\/web\/pais\/familiares-de-ejecutados-politicos-piden-explicaciones-a-lagos-por-nombramiento-de-cheyre\/","title":{"rendered":"Familiares de ejecutados pol\u00edticos piden explicaciones a Lagos por nombramiento de Cheyre"},"content":{"rendered":"<p>Ya son dos las causas que pesan sobre el ex comandante en jefe del Ej\u00e9rcito, Juan Emilio Cheyre, el mismo que dijo &#8220;nunca m\u00e1s&#8221;, en referencia al golpe militar, que actualmente enfrenta acusaciones por torturas en el regimiento Arica de La Serena, en el que estuvo a cargo.<\/p>\n<p>Su situaci\u00f3n contrasta con el rol de primera l\u00ednea que tuvo en su minuto, ya que, adem\u00e1s de haber liderado a la instituci\u00f3n castrense entre 2002 y 2006, tambi\u00e9n ocup\u00f3 la presidencia del Servicio Electoral (Servel) por algunos meses hasta que estall\u00f3 la pol\u00e9mica por el caso Caravana de la Muerte, caso por el cual fue condenado como encubridor y que fue apelada por el militar en retiro.<\/p>\n<p>Esto es lo que reclama la Agrupaci\u00f3n de Familiares de Ejecutados Pol\u00edticos (AFEP), encabezada por Alicia Lira, quien asegura que advirtieron en su minuto que Cheyre estaba vinculado a denuncias por apremios ileg\u00edtimos.<\/p>\n<p>La dirigenta sostuvo que las autoridades de la \u00e9poca, entre ellas el ex presidente Ricardo Lagos Escobar -quien nombr\u00f3 a Cheyre- le deben una disculpa a los familiares.<\/p>\n<p>&#8220;Es muy culpable la Concertaci\u00f3n, sobre todo los que participaron en el Gobierno, primero porque no tuvieron voluntad pol\u00edtica en el tema de las violaciones de derechos humanos de entregar las herramientas para saber la verdad y hacer justicia&#8221;, dijo Lira.<\/p>\n<p>&#8220;Pero cuando ya se ve claramente su disposici\u00f3n de blanquear a algunos personajes llegan a Emilio Cheyre. Creo que ellos les deben, sobre todo el ex presidente Lagos y el ex presidente Eduardo Frei una disculpa a los familiares porque siempre cuando la verdad se impone ha sido solamente por la constancia de los familiares y abogados que lo acompa\u00f1an&#8221;, sostuvo.<\/p>\n<p>Quintana admite errores<\/p>\n<p>El futuro presidente del Senado, Jaime Quintana (PPD), asegur\u00f3 que durante la Concertaci\u00f3n se cometieron errores en la relaci\u00f3n c\u00edvico militar.<\/p>\n<p>&#8220;Para nadie es un misterio que durante la transici\u00f3n, en los gobiernos de la Concertaci\u00f3n, se cometieron errores, yo no dir\u00eda de mala fe, pero s\u00ed se pec\u00f3 de un exceso de confianza, donde despu\u00e9s de que Pinochet deja la comandancia en jefe del Ej\u00e9rcito se buscaba probablemente un comandante que no generara muchos conflictos, con buenos modales, como si eso hubiese sido suficiente y la verdad que ah\u00ed falt\u00f3 m\u00e1s rigurosidad&#8221;, plante\u00f3.<\/p>\n<p>&nbsp;<\/p>\n","protected":false},"excerpt":{"rendered":"<p>Ya son dos las causas que pesan sobre el ex comandante en jefe del Ej\u00e9rcito, Juan Emilio Cheyre, el mismo que dijo &#8220;nunca m\u00e1s&#8221;, en&#8230;<\/p>\n","protected":false},"author":2,"featured_media":3818,"comment_status":"closed","ping_status":"open","sticky":false,"template":"","format":"standard","meta":{"footnotes":""},"categories":[4,267],"tags":[],"_links":{"self":[{"href":"http:\/\/www.primeranota.cl\/web\/wp-json\/wp\/v2\/posts\/5656"}],"collection":[{"href":"http:\/\/www.primeranota.cl\/web\/wp-json\/wp\/v2\/posts"}],"about":[{"href":"http:\/\/www.primeranota.cl\/web\/wp-json\/wp\/v2\/types\/post"}],"author":[{"embeddable":true,"href":"http:\/\/www.primeranota.cl\/web\/wp-json\/wp\/v2\/users\/2"}],"replies":[{"embeddable":true,"href":"http:\/\/www.primeranota.cl\/web\/wp-json\/wp\/v2\/comments?post=5656"}],"version-history":[{"count":2,"href":"http:\/\/www.primeranota.cl\/web\/wp-json\/wp\/v2\/posts\/5656\/revisions"}],"predecessor-version":[{"id":5666,"href":"http:\/\/www.primeranota.cl\/web\/wp-json\/wp\/v2\/posts\/5656\/revisions\/5666"}],"wp:featuredmedia":[{"embeddable":true,"href":"http:\/\/www.primeranota.cl\/web\/wp-json\/wp\/v2\/media\/3818"}],"wp:attachment":[{"href":"http:\/\/www.primeranota.cl\/web\/wp-json\/wp\/v2\/media?parent=5656"}],"wp:term":[{"taxonomy":"category","embeddable":true,"href":"http:\/\/www.primeranota.cl\/web\/wp-json\/wp\/v2\/categories?post=5656"},{"taxonomy":"post_tag","embeddable":true,"href":"http:\/\/www.primeranota.cl\/web\/wp-json\/wp\/v2\/tags?post=5656"}],"curies":[{"name":"wp","href":"https:\/\/api.w.org\/{rel}","templated":true}]}}