{"id":5664,"date":"2019-02-09T09:18:25","date_gmt":"2019-02-09T12:18:25","guid":{"rendered":"http:\/\/www.primeranota.cl\/web\/?p=5664"},"modified":"2019-02-09T09:18:25","modified_gmt":"2019-02-09T12:18:25","slug":"invierno-altiplanico-e-incendios-forestales-el-complicado-verano-de-pinera","status":"publish","type":"post","link":"http:\/\/www.primeranota.cl\/web\/pais\/invierno-altiplanico-e-incendios-forestales-el-complicado-verano-de-pinera\/","title":{"rendered":"Invierno Altipl\u00e1nico e incendios forestales el complicado verano de Pi\u00f1era"},"content":{"rendered":"<p>Era tal la confianza en Palacio, que el Presidente Sebasti\u00e1n Pi\u00f1era hab\u00eda adelantado sus vacaciones en una se\u00f1al de normalidad total, y le dio descanso a todo su equipo pol\u00edtico, dejando s\u00f3lo en La Moneda al titular de Desarrollo Social, Alfredo Moreno. Pero la contingencia dijo otra cosa, y el Mandatario primero debi\u00f3 suspender su asueto para constituirse en Temuco, para coordinar el trabajo para hacer frente a la emergencia por los incendios forestales. Y esta tarde, volver\u00e1 a hacer una nueva pausa, esta vez para dirigirse a Calama, que se ha transformado en el epicentro de los estragos que ha dejado el Invierno Altipl\u00e1nico.<\/p>\n<p>Inicialmente, el viaje presidencial estaba reci\u00e9n previsto para el lunes, pero la inclemencia adelant\u00f3 los planes. \u201cDada dif\u00edcil situaci\u00f3n que vive el norte del pa\u00eds, adelantamos viaje a Calama para visitar esta tarde zonas afectadas de la regi\u00f3n. Potenciaremos redes de apoyo y activaremos plan de emergencia para q la situaci\u00f3n se normalice pronto y damnificados reciban ayuda\u201d, tuite\u00f3 el Mandatario.<\/p>\n<p>&nbsp;<\/p>\n<p>El escenario es complejo porque las precipitaciones no han cesado y los pron\u00f3sticos meteorol\u00f3gicos confirman que las lluvias continuar\u00e1n durante este fin de semana, espec\u00edficamente en las zonas cordilleranas y precordilleranas de Arica y Parinacota, Tarapac\u00e1 y Antofagasta, con la consiguiente amenaza de aluviones, deslizamientos, ca\u00eddas de rocas y derrumbes. Los \u00faltimos informes de la ONEMI indican que el fen\u00f3meno ha provocado la muerte de 6 personas, adem\u00e1s de localidades aisladas, y la suspensi\u00f3n de faenas mineras.<\/p>\n<p>El dise\u00f1o del Gobierno contempl\u00f3 adem\u00e1s el traslado de emergencia del ministro del Interior (s) Rodrigo Ubilla para trasladarse a primera hora a Calama, en medio de un panorama donde se han incrementado tambi\u00e9n las cr\u00edticas pol\u00edticas hacia el accionar del Ejecutivo.<\/p>\n<p>La siempre d\u00edscola alcaldesa de Antofagasta, Karen Rojo fue tajante, al enjuiciar el comportamiento del Gobierno y sostuvo que resulta &#8220;vergonzoso que las autoridades a nivel nacional no hayan tomado decisiones\u201d.<\/p>\n<p>&#8220;Estamos solicit\u00e1ndole al gobierno a nivel central que tome una decisi\u00f3n y que sean responsables. Lo importante es que la provincia del Loa sea declarada como zona de cat\u00e1strofe. no es una lluvia que parti\u00f3 hace un par de horas. Yo soy partidaria de este Gobierno, pero hoy d\u00eda yo creo que han estado ausentes en la toma de decisiones&#8221;, dijo la jefa edilicia en Radio Cooperativa.<\/p>\n<p>El diputado Esteban Vel\u00e1squez apunt\u00f3 en la misma l\u00ednea, se\u00f1alando que \u201choy nos enteramos por la prensa que las autoridades viajar\u00e1n hasta Calama, pero llevamos casi una semana en esta situaci\u00f3n, y justo hoy que se paralizan las faenas mineras por fin el gobierno y sus m\u00e1ximas autoridades ponen su atenci\u00f3n en nosotros. Esperamos que esta visita sea para de una vez por todas declarar Estado de Cat\u00e1strofe al Norte Andino chileno y no seguir posterg\u00e1ndonos\u201d.<\/p>\n<p>En las regiones de m\u00e1s al norte tambi\u00e9n hay molestia y as\u00ed lo han dejado en evidencia los diputados por la zona. &#8220;Si la emergencia fuera el desborde del R\u00edo Mapocho, el gobierno mover\u00eda cielo, mar y tierra\u201d, se quej\u00f3 Vlado Mirosevic. Por su parte, Hugo Guti\u00e9rrez dispar\u00f3 en Twitter: \u201c\u00bfCu\u00e1nto debemos esperar Arica y Tarapac\u00e1 para que se declare zona de cat\u00e1strofe y se asignen m\u00e1s recursos?\u201d.<\/p>\n<p>En este contexto, la Bancada Regionalista exigi\u00f3 al gobierno terminar discriminaci\u00f3n con Norte Andino y declararlo zona de cat\u00e1strofe. \u201cAs\u00ed como hemos peleado por defender a los vecinos que enfrentan incendios en el sur, hoy exigimos un trato justo para los pueblos aymaras, atacame\u00f1os y quechuas que lo han perdido todo en el norte\u201d, se\u00f1al\u00f3 la diputada Alejandra Sep\u00falveda.<\/p>\n","protected":false},"excerpt":{"rendered":"<p>Era tal la confianza en Palacio, que el Presidente Sebasti\u00e1n Pi\u00f1era hab\u00eda adelantado sus vacaciones en una se\u00f1al de normalidad total, y le dio descanso&#8230;<\/p>\n","protected":false},"author":2,"featured_media":4382,"comment_status":"closed","ping_status":"open","sticky":false,"template":"","format":"standard","meta":{"footnotes":""},"categories":[4,267],"tags":[],"_links":{"self":[{"href":"http:\/\/www.primeranota.cl\/web\/wp-json\/wp\/v2\/posts\/5664"}],"collection":[{"href":"http:\/\/www.primeranota.cl\/web\/wp-json\/wp\/v2\/posts"}],"about":[{"href":"http:\/\/www.primeranota.cl\/web\/wp-json\/wp\/v2\/types\/post"}],"author":[{"embeddable":true,"href":"http:\/\/www.primeranota.cl\/web\/wp-json\/wp\/v2\/users\/2"}],"replies":[{"embeddable":true,"href":"http:\/\/www.primeranota.cl\/web\/wp-json\/wp\/v2\/comments?post=5664"}],"version-history":[{"count":1,"href":"http:\/\/www.primeranota.cl\/web\/wp-json\/wp\/v2\/posts\/5664\/revisions"}],"predecessor-version":[{"id":5665,"href":"http:\/\/www.primeranota.cl\/web\/wp-json\/wp\/v2\/posts\/5664\/revisions\/5665"}],"wp:featuredmedia":[{"embeddable":true,"href":"http:\/\/www.primeranota.cl\/web\/wp-json\/wp\/v2\/media\/4382"}],"wp:attachment":[{"href":"http:\/\/www.primeranota.cl\/web\/wp-json\/wp\/v2\/media?parent=5664"}],"wp:term":[{"taxonomy":"category","embeddable":true,"href":"http:\/\/www.primeranota.cl\/web\/wp-json\/wp\/v2\/categories?post=5664"},{"taxonomy":"post_tag","embeddable":true,"href":"http:\/\/www.primeranota.cl\/web\/wp-json\/wp\/v2\/tags?post=5664"}],"curies":[{"name":"wp","href":"https:\/\/api.w.org\/{rel}","templated":true}]}}