{"id":5701,"date":"2019-02-12T08:03:24","date_gmt":"2019-02-12T11:03:24","guid":{"rendered":"http:\/\/www.primeranota.cl\/web\/?p=5701"},"modified":"2019-02-12T08:03:24","modified_gmt":"2019-02-12T11:03:24","slug":"pinera-por-bachelet-nosotros-estamos-atentos-a-las-decisiones-que-tome","status":"publish","type":"post","link":"http:\/\/www.primeranota.cl\/web\/pais\/pinera-por-bachelet-nosotros-estamos-atentos-a-las-decisiones-que-tome\/","title":{"rendered":"Pi\u00f1era por Bachelet: \u201cNosotros estamos atentos a las decisiones que tome\u201d"},"content":{"rendered":"<p>El Presidente Pi\u00f1era reiter\u00f3 este lunes el rol que tiene que jugar la expresidenta y Alta Comisionada para los Derechos Humanos de las Naciones Unidas, Michelle Bachelet, indicando que conoce su cargo y sus obligaciones.<\/p>\n<p>\u201cElla conoce muy bien la situaci\u00f3n de Venezuela y sabe muy bien cu\u00e1les son sus obligaciones. Y, por tanto, nosotros estamos atentos a las decisiones que ella tome en esta materia\u201d, dijo el Mandatario tras encabezar el comit\u00e9 pol\u00edtico.<\/p>\n<p>El Jefe de Estado manifest\u00f3 que la crisis pol\u00edtica y econ\u00f3mica y la tragedia social que vive Venezuela es muy larga, \u201cque se acab\u00f3 el tiempo de las reflexiones, de los diagn\u00f3sticos y lleg\u00f3 el tiempo de la acci\u00f3n y las soluciones\u201d, recalc\u00f3.<\/p>\n<p>Asimismo, expres\u00f3 que Chile est\u00e1 preparado \u201cpara que apenas se abran esos canales de ayuda humanitaria poder enviarla al pueblo de Venezuela\u201d, subray\u00f3.<\/p>\n<p>Cr\u00e9dito La Naci\u00f3n<\/p>\n","protected":false},"excerpt":{"rendered":"<p>El Presidente Pi\u00f1era reiter\u00f3 este lunes el rol que tiene que jugar la expresidenta y Alta Comisionada para los Derechos Humanos de las Naciones Unidas,&#8230;<\/p>\n","protected":false},"author":2,"featured_media":4382,"comment_status":"closed","ping_status":"open","sticky":false,"template":"","format":"standard","meta":{"footnotes":""},"categories":[4,267],"tags":[],"_links":{"self":[{"href":"http:\/\/www.primeranota.cl\/web\/wp-json\/wp\/v2\/posts\/5701"}],"collection":[{"href":"http:\/\/www.primeranota.cl\/web\/wp-json\/wp\/v2\/posts"}],"about":[{"href":"http:\/\/www.primeranota.cl\/web\/wp-json\/wp\/v2\/types\/post"}],"author":[{"embeddable":true,"href":"http:\/\/www.primeranota.cl\/web\/wp-json\/wp\/v2\/users\/2"}],"replies":[{"embeddable":true,"href":"http:\/\/www.primeranota.cl\/web\/wp-json\/wp\/v2\/comments?post=5701"}],"version-history":[{"count":1,"href":"http:\/\/www.primeranota.cl\/web\/wp-json\/wp\/v2\/posts\/5701\/revisions"}],"predecessor-version":[{"id":5702,"href":"http:\/\/www.primeranota.cl\/web\/wp-json\/wp\/v2\/posts\/5701\/revisions\/5702"}],"wp:featuredmedia":[{"embeddable":true,"href":"http:\/\/www.primeranota.cl\/web\/wp-json\/wp\/v2\/media\/4382"}],"wp:attachment":[{"href":"http:\/\/www.primeranota.cl\/web\/wp-json\/wp\/v2\/media?parent=5701"}],"wp:term":[{"taxonomy":"category","embeddable":true,"href":"http:\/\/www.primeranota.cl\/web\/wp-json\/wp\/v2\/categories?post=5701"},{"taxonomy":"post_tag","embeddable":true,"href":"http:\/\/www.primeranota.cl\/web\/wp-json\/wp\/v2\/tags?post=5701"}],"curies":[{"name":"wp","href":"https:\/\/api.w.org\/{rel}","templated":true}]}}