{"id":5703,"date":"2019-02-12T08:05:29","date_gmt":"2019-02-12T11:05:29","guid":{"rendered":"http:\/\/www.primeranota.cl\/web\/?p=5703"},"modified":"2019-02-12T08:05:29","modified_gmt":"2019-02-12T11:05:29","slug":"cadem-62-cree-en-la-resolucion-del-juez-madrid-en-caso-frei","status":"publish","type":"post","link":"http:\/\/www.primeranota.cl\/web\/pais\/cadem-62-cree-en-la-resolucion-del-juez-madrid-en-caso-frei\/","title":{"rendered":"CADEM: 62% cree en la resoluci\u00f3n del juez Madrid en Caso Frei"},"content":{"rendered":"<p>La nueva encuesta semanal Plaza P\u00fablica Cadem entreg\u00f3 la postura de los chilenos ante el fallo del juez Alejandro Madrid, quien el pasado 30 de enero, conden\u00f3 a seis personas como responsables del asesinato del expresidente de la Rep\u00falica Eduardo Frei Montalva, ocurrido en enero de 1982.<\/p>\n<p>Seg\u00fan esta medici\u00f3n, un 62% de los chilenos cree en la resoluci\u00f3n establecida del juez Madrid.<\/p>\n<p>En tanto, un 25% piensa que el deceso del ex-jefe de Estado no tuvo que ver con situaciones pol\u00edticas y atribuyen su muerte a negligencia de los m\u00e9dicos, mientras que el 13% de los encuestados creen que Frei Montalva muri\u00f3 por complicaciones en su operaci\u00f3n.<\/p>\n<p>De esta forma, el 90% de las personas que se declararon de izquierda respaldan el fallo del juez Madrid, mientras que solo el 64% de las personas de centro comparten esa tesis.<\/p>\n<p>En tanto, de los encuestados de derecha, solo un 39% piensa que fue un asesinato pol\u00edtico.<\/p>\n<p>Por otro lado, la encuesta mostr\u00f3 que el 67% de las personas escuch\u00f3 sobre el fallo del juez Madrid publicado el pasado 30 de enero, mientras que un 31% dice no saber nada sobre el tema.<\/p>\n<p>Cr\u00e9dito Agricultura<\/p>\n","protected":false},"excerpt":{"rendered":"<p>La nueva encuesta semanal Plaza P\u00fablica Cadem entreg\u00f3 la postura de los chilenos ante el fallo del juez Alejandro Madrid, quien el pasado 30 de&#8230;<\/p>\n","protected":false},"author":2,"featured_media":5465,"comment_status":"closed","ping_status":"open","sticky":false,"template":"","format":"standard","meta":{"footnotes":""},"categories":[4,267],"tags":[],"_links":{"self":[{"href":"http:\/\/www.primeranota.cl\/web\/wp-json\/wp\/v2\/posts\/5703"}],"collection":[{"href":"http:\/\/www.primeranota.cl\/web\/wp-json\/wp\/v2\/posts"}],"about":[{"href":"http:\/\/www.primeranota.cl\/web\/wp-json\/wp\/v2\/types\/post"}],"author":[{"embeddable":true,"href":"http:\/\/www.primeranota.cl\/web\/wp-json\/wp\/v2\/users\/2"}],"replies":[{"embeddable":true,"href":"http:\/\/www.primeranota.cl\/web\/wp-json\/wp\/v2\/comments?post=5703"}],"version-history":[{"count":1,"href":"http:\/\/www.primeranota.cl\/web\/wp-json\/wp\/v2\/posts\/5703\/revisions"}],"predecessor-version":[{"id":5704,"href":"http:\/\/www.primeranota.cl\/web\/wp-json\/wp\/v2\/posts\/5703\/revisions\/5704"}],"wp:featuredmedia":[{"embeddable":true,"href":"http:\/\/www.primeranota.cl\/web\/wp-json\/wp\/v2\/media\/5465"}],"wp:attachment":[{"href":"http:\/\/www.primeranota.cl\/web\/wp-json\/wp\/v2\/media?parent=5703"}],"wp:term":[{"taxonomy":"category","embeddable":true,"href":"http:\/\/www.primeranota.cl\/web\/wp-json\/wp\/v2\/categories?post=5703"},{"taxonomy":"post_tag","embeddable":true,"href":"http:\/\/www.primeranota.cl\/web\/wp-json\/wp\/v2\/tags?post=5703"}],"curies":[{"name":"wp","href":"https:\/\/api.w.org\/{rel}","templated":true}]}}