{"id":5723,"date":"2019-02-13T08:09:48","date_gmt":"2019-02-13T11:09:48","guid":{"rendered":"http:\/\/www.primeranota.cl\/web\/?p=5723"},"modified":"2019-02-13T08:10:48","modified_gmt":"2019-02-13T11:10:48","slug":"elizalde-definira-en-marzo-si-va-a-reeleccion-del-ps","status":"publish","type":"post","link":"http:\/\/www.primeranota.cl\/web\/politica\/elizalde-definira-en-marzo-si-va-a-reeleccion-del-ps\/","title":{"rendered":"Elizalde definir\u00e1 en marzo si va a la reelecci\u00f3n del PS"},"content":{"rendered":"<p>Marzo es el plazo que el presidente del PS, \u00c1lvaro Elizalde, se autoimpuso para definir si compite o no por la reeleci\u00f3n en el partido. Desde su entorno aseguran que el senador no ha querido apurar su decisi\u00f3n, y es que pese a que si bien la directiva sigue contando con la mayor\u00eda de los apoyos internos, tambi\u00e9n se configur\u00f3 un sector disidente, en el que se bajaran los nombres de los diputados Marcelo Schilling y Marcelo D\u00edaz<\/p>\n<p>Fuente: Emol.com<\/p>\n","protected":false},"excerpt":{"rendered":"<p>Marzo es el plazo que el presidente del PS, \u00c1lvaro Elizalde, se autoimpuso para definir si compite o no por la reeleci\u00f3n en el partido&#8230;.<\/p>\n","protected":false},"author":2,"featured_media":2880,"comment_status":"closed","ping_status":"open","sticky":false,"template":"","format":"standard","meta":{"footnotes":""},"categories":[5,267],"tags":[],"_links":{"self":[{"href":"http:\/\/www.primeranota.cl\/web\/wp-json\/wp\/v2\/posts\/5723"}],"collection":[{"href":"http:\/\/www.primeranota.cl\/web\/wp-json\/wp\/v2\/posts"}],"about":[{"href":"http:\/\/www.primeranota.cl\/web\/wp-json\/wp\/v2\/types\/post"}],"author":[{"embeddable":true,"href":"http:\/\/www.primeranota.cl\/web\/wp-json\/wp\/v2\/users\/2"}],"replies":[{"embeddable":true,"href":"http:\/\/www.primeranota.cl\/web\/wp-json\/wp\/v2\/comments?post=5723"}],"version-history":[{"count":2,"href":"http:\/\/www.primeranota.cl\/web\/wp-json\/wp\/v2\/posts\/5723\/revisions"}],"predecessor-version":[{"id":5725,"href":"http:\/\/www.primeranota.cl\/web\/wp-json\/wp\/v2\/posts\/5723\/revisions\/5725"}],"wp:featuredmedia":[{"embeddable":true,"href":"http:\/\/www.primeranota.cl\/web\/wp-json\/wp\/v2\/media\/2880"}],"wp:attachment":[{"href":"http:\/\/www.primeranota.cl\/web\/wp-json\/wp\/v2\/media?parent=5723"}],"wp:term":[{"taxonomy":"category","embeddable":true,"href":"http:\/\/www.primeranota.cl\/web\/wp-json\/wp\/v2\/categories?post=5723"},{"taxonomy":"post_tag","embeddable":true,"href":"http:\/\/www.primeranota.cl\/web\/wp-json\/wp\/v2\/tags?post=5723"}],"curies":[{"name":"wp","href":"https:\/\/api.w.org\/{rel}","templated":true}]}}