{"id":5815,"date":"2019-02-18T08:09:07","date_gmt":"2019-02-18T11:09:07","guid":{"rendered":"http:\/\/www.primeranota.cl\/web\/?p=5815"},"modified":"2019-02-18T08:09:07","modified_gmt":"2019-02-18T11:09:07","slug":"jacqueline-van-rysselberghe-de-93-sesiones-del-senado-solo-intervino-en-6-en-todo-el-2018","status":"publish","type":"post","link":"http:\/\/www.primeranota.cl\/web\/pais\/jacqueline-van-rysselberghe-de-93-sesiones-del-senado-solo-intervino-en-6-en-todo-el-2018\/","title":{"rendered":"Jacqueline Van Rysselberghe: de 93 sesiones del Senado s\u00f3lo intervino en 6 en todo el 2018"},"content":{"rendered":"<p>La presidenta de la UDI, la primera vez que tom\u00f3 la palabra fue el 18 de abril y la siguiente, fue tres meses despu\u00e9s.<\/p>\n<p>Seg\u00fan informaci\u00f3n publicada por La Tercera, la escasa participaci\u00f3n contrasta con la cantidad de intervenciones de otros parlamentarios, como por ejemplo, el senador independiente Alejandro Navarro, quien tom\u00f3 la palabra 142 veces.<\/p>\n<p>Le siguen los senadores Juan Pablo Letelier (87 intervenciones) y Juan Antonio Coloma (86 intervenciones).<\/p>\n<p>Pese a esto, en el Senado todos sus miembros hicieron uso de la palabra, en alg\u00fan momento. Esto a diferencia de la C\u00e1mara de Diputados, donde la diputada Pamela Jiles (PH) nunca habl\u00f3 en el hemiciclo.<\/p>\n<p>Cooperativa<\/p>\n","protected":false},"excerpt":{"rendered":"<p>La presidenta de la UDI, la primera vez que tom\u00f3 la palabra fue el 18 de abril y la siguiente, fue tres meses despu\u00e9s. Seg\u00fan&#8230;<\/p>\n","protected":false},"author":2,"featured_media":2900,"comment_status":"closed","ping_status":"open","sticky":false,"template":"","format":"standard","meta":{"footnotes":""},"categories":[4,267],"tags":[],"_links":{"self":[{"href":"http:\/\/www.primeranota.cl\/web\/wp-json\/wp\/v2\/posts\/5815"}],"collection":[{"href":"http:\/\/www.primeranota.cl\/web\/wp-json\/wp\/v2\/posts"}],"about":[{"href":"http:\/\/www.primeranota.cl\/web\/wp-json\/wp\/v2\/types\/post"}],"author":[{"embeddable":true,"href":"http:\/\/www.primeranota.cl\/web\/wp-json\/wp\/v2\/users\/2"}],"replies":[{"embeddable":true,"href":"http:\/\/www.primeranota.cl\/web\/wp-json\/wp\/v2\/comments?post=5815"}],"version-history":[{"count":1,"href":"http:\/\/www.primeranota.cl\/web\/wp-json\/wp\/v2\/posts\/5815\/revisions"}],"predecessor-version":[{"id":5816,"href":"http:\/\/www.primeranota.cl\/web\/wp-json\/wp\/v2\/posts\/5815\/revisions\/5816"}],"wp:featuredmedia":[{"embeddable":true,"href":"http:\/\/www.primeranota.cl\/web\/wp-json\/wp\/v2\/media\/2900"}],"wp:attachment":[{"href":"http:\/\/www.primeranota.cl\/web\/wp-json\/wp\/v2\/media?parent=5815"}],"wp:term":[{"taxonomy":"category","embeddable":true,"href":"http:\/\/www.primeranota.cl\/web\/wp-json\/wp\/v2\/categories?post=5815"},{"taxonomy":"post_tag","embeddable":true,"href":"http:\/\/www.primeranota.cl\/web\/wp-json\/wp\/v2\/tags?post=5815"}],"curies":[{"name":"wp","href":"https:\/\/api.w.org\/{rel}","templated":true}]}}