{"id":5832,"date":"2019-02-19T07:50:26","date_gmt":"2019-02-19T10:50:26","guid":{"rendered":"http:\/\/www.primeranota.cl\/web\/?p=5832"},"modified":"2019-02-19T07:50:26","modified_gmt":"2019-02-19T10:50:26","slug":"gobierno-respalda-a-ubilla-tras-vinculacion-de-incendios-con-causa-mapuche","status":"publish","type":"post","link":"http:\/\/www.primeranota.cl\/web\/pais\/gobierno-respalda-a-ubilla-tras-vinculacion-de-incendios-con-causa-mapuche\/","title":{"rendered":"Gobierno respalda a Ubilla tras vinculaci\u00f3n de incendios con causa mapuche"},"content":{"rendered":"<p>El Ministerio del Interior emiti\u00f3 un comunicado respaldando los dichos del subsecretario de la cartera, Rodrigo Ubilla, quien vincul\u00f3 los incendios forestales del sur a la causa mapuche, declaraciones que fueron reiteradas este lunes.<\/p>\n<p>Seg\u00fan inform\u00f3 la Secretar\u00eda de Estado, los dichos de Ubilla se respaldan por tres hechos puntuales donde se logr\u00f3 identificar situaciones alusivas a la causa mapuche, por las que el gobierno ya inici\u00f3 acciones legales.<\/p>\n<p>Al respecto, el 7 de febrero de 2019 la Intendencia de La Araucan\u00eda present\u00f3 una querella contra quienes resulten responsables por el incendio que afect\u00f3 un predio de eucaliptos de la forestal Arauco, en la comuna de Ercilla.<\/p>\n<p>Sobre este incendio, el comunicado se\u00f1ala que existen antecedentes concretos de Conaf que \u201cpermiten determinar que en el acceso al predio se instalaron letreros con consignas alusivas a la recuperaci\u00f3n de tierras por parte de comunidades mapuches\u201d.<\/p>\n<p>El segundo hecho ocurri\u00f3 a las 15:00 horas del 13 de febrero, cuando una avioneta de la empresa CMPC recibi\u00f3 un proyectil mientras combat\u00eda un incendio forestal en el fundo Miramar, entre Contulmo y Tir\u00faa.<\/p>\n<p>Por \u00faltimo, el tercer caso se registr\u00f3 este domingo 17 de febrero, con el ingreso de 100 comuneros en 60 veh\u00edculos, los que debieron ser desalojados por Fuerzas Especiales de Carabineros, quienes acusaron que los manifestantes se \u201copusieron lanzando piedras y objetos contundentes\u201d.<\/p>\n<p>Tras ello, seg\u00fan el Ejecutivo, se registraron apariciones de focos de incendios en distintas partes del predio que fue tomado, lo que habr\u00eda afectado a 40 hect\u00e1reas.<\/p>\n","protected":false},"excerpt":{"rendered":"<p>El Ministerio del Interior emiti\u00f3 un comunicado respaldando los dichos del subsecretario de la cartera, Rodrigo Ubilla, quien vincul\u00f3 los incendios forestales del sur a&#8230;<\/p>\n","protected":false},"author":2,"featured_media":4438,"comment_status":"closed","ping_status":"open","sticky":false,"template":"","format":"standard","meta":{"footnotes":""},"categories":[4,267],"tags":[],"_links":{"self":[{"href":"http:\/\/www.primeranota.cl\/web\/wp-json\/wp\/v2\/posts\/5832"}],"collection":[{"href":"http:\/\/www.primeranota.cl\/web\/wp-json\/wp\/v2\/posts"}],"about":[{"href":"http:\/\/www.primeranota.cl\/web\/wp-json\/wp\/v2\/types\/post"}],"author":[{"embeddable":true,"href":"http:\/\/www.primeranota.cl\/web\/wp-json\/wp\/v2\/users\/2"}],"replies":[{"embeddable":true,"href":"http:\/\/www.primeranota.cl\/web\/wp-json\/wp\/v2\/comments?post=5832"}],"version-history":[{"count":1,"href":"http:\/\/www.primeranota.cl\/web\/wp-json\/wp\/v2\/posts\/5832\/revisions"}],"predecessor-version":[{"id":5833,"href":"http:\/\/www.primeranota.cl\/web\/wp-json\/wp\/v2\/posts\/5832\/revisions\/5833"}],"wp:featuredmedia":[{"embeddable":true,"href":"http:\/\/www.primeranota.cl\/web\/wp-json\/wp\/v2\/media\/4438"}],"wp:attachment":[{"href":"http:\/\/www.primeranota.cl\/web\/wp-json\/wp\/v2\/media?parent=5832"}],"wp:term":[{"taxonomy":"category","embeddable":true,"href":"http:\/\/www.primeranota.cl\/web\/wp-json\/wp\/v2\/categories?post=5832"},{"taxonomy":"post_tag","embeddable":true,"href":"http:\/\/www.primeranota.cl\/web\/wp-json\/wp\/v2\/tags?post=5832"}],"curies":[{"name":"wp","href":"https:\/\/api.w.org\/{rel}","templated":true}]}}