{"id":5903,"date":"2019-02-22T08:01:18","date_gmt":"2019-02-22T11:01:18","guid":{"rendered":"http:\/\/www.primeranota.cl\/web\/?p=5903"},"modified":"2019-02-22T08:01:18","modified_gmt":"2019-02-22T11:01:18","slug":"moreira-por-operativo-de-libre-acceso-a-las-playas-no-fomentemos-la-lucha-de-clases","status":"publish","type":"post","link":"http:\/\/www.primeranota.cl\/web\/pais\/moreira-por-operativo-de-libre-acceso-a-las-playas-no-fomentemos-la-lucha-de-clases\/","title":{"rendered":"Moreira por operativo de libre acceso a las playas: \u201cNo fomentemos la lucha de clases\u201d"},"content":{"rendered":"<p>El senador UDI Iv\u00e1n Moreira emplaz\u00f3 a la Ministra (s) de Bienes Nacionales, Alejandra Bravo, al cuestionar la rotura de candados en el operativo de apertura del balneario.<\/p>\n<p>El pasado martes la Ministra (s) de Bienes Nacionales, Alejandra Bravo, en conjunto con carabineros, procedi\u00f3 a la rotura de tres candados que imped\u00edan el paso de pescadores y turistas a la playa aleda\u00f1a al fundo M\u00f3naco, de propiedad de la familia Jaramillo.<\/p>\n<p>La medida la adopt\u00f3 la autoridad de gobierno luego de una denuncia de Chilevisi\u00f3n Noticias, donde un equipo que intentaba llegar a la playa fue obligado a retirarse del lugar.<\/p>\n<p>La apertura del camino se\u00f1alado en una resoluci\u00f3n del Ministerio de Bienes Nacionales del a\u00f1o 1984, gener\u00f3 diversas reacciones, a las que se suma hoy jueves el senador Iv\u00e1n Moreira que a trav\u00e9s de su cuenta de Twitter cuestion\u00f3 la labor llevada a cabo por la Subsecretaria de Bienes Nacionales, que por estos d\u00edas oficia de Ministra subrogante de la cartera.<\/p>\n<p>El operativo de apertura de la playa M\u00f3naco, signific\u00f3 la aplicaci\u00f3n de la primera multa contemplada en la ley publicada el pasado 14 de febrero que posibilita cursar infracciones a quienes impidan el paso a las playas. Ser\u00e1 el Juzgado de Polic\u00eda Local de Pichilemu el encargado de fijar el monto de la multa que podr\u00eda llegar hasta cinco millones de pesos.<\/p>\n<p>Fue la semana pasada que un equipo de Reportajes a Fondo, en compa\u00f1\u00eda del Consejero Regional de Cardenal Caro, Bernardo Cornejo y propietarios de peque\u00f1as parcelas del lugar, intent\u00f3 ingresar a la playa por un camino que figura se\u00f1alado en la resoluci\u00f3n n\u00famero 5 de Bienes Nacionales del a\u00f1o 1984. Fue la familia Jaramillo, due\u00f1a de fundos de ese sector de la regi\u00f3n de O\u2019higgins, la que impidi\u00f3 el acceso desconociendo la validez del documento.<\/p>\n<p>Tras la emisi\u00f3n del reportaje, el Ministerio de Bienes Nacionales tom\u00f3 cartas en el asunto, destacando que la resoluci\u00f3n n\u00famero 5 se encuentra vigente. Por ello notific\u00f3 a los propietarios que imped\u00edan el paso, para que abrieran el camino.<\/p>\n<p>Al no ser acogida esa solicitud, el pasado martes fue la Ministra (s) de Bienes Nacionales, Alejandra Bravo, quien lleg\u00f3 al lugar del conflicto en compa\u00f1\u00eda de autoridades regionales y Carabineros. Tras constatar que el camino estaba cerrado se procedi\u00f3 a la rotura de tres candados para finalmente llegar a la playa.<\/p>\n<p>Esta acci\u00f3n fue aplaudida por pescadores y habitantes de la zona, que tras d\u00e9cadas pudieron volver a la playa M\u00f3naco. Sin embargo, fue una integrante de la familia Jaramillo la que cuestion\u00f3 en el mismo lugar la acci\u00f3n encabezada por la autoridad de gobierno.<\/p>\n<p>&nbsp;<\/p>\n","protected":false},"excerpt":{"rendered":"<p>El senador UDI Iv\u00e1n Moreira emplaz\u00f3 a la Ministra (s) de Bienes Nacionales, Alejandra Bravo, al cuestionar la rotura de candados en el operativo de&#8230;<\/p>\n","protected":false},"author":2,"featured_media":3893,"comment_status":"closed","ping_status":"open","sticky":false,"template":"","format":"standard","meta":{"footnotes":""},"categories":[4,267],"tags":[],"_links":{"self":[{"href":"http:\/\/www.primeranota.cl\/web\/wp-json\/wp\/v2\/posts\/5903"}],"collection":[{"href":"http:\/\/www.primeranota.cl\/web\/wp-json\/wp\/v2\/posts"}],"about":[{"href":"http:\/\/www.primeranota.cl\/web\/wp-json\/wp\/v2\/types\/post"}],"author":[{"embeddable":true,"href":"http:\/\/www.primeranota.cl\/web\/wp-json\/wp\/v2\/users\/2"}],"replies":[{"embeddable":true,"href":"http:\/\/www.primeranota.cl\/web\/wp-json\/wp\/v2\/comments?post=5903"}],"version-history":[{"count":1,"href":"http:\/\/www.primeranota.cl\/web\/wp-json\/wp\/v2\/posts\/5903\/revisions"}],"predecessor-version":[{"id":5904,"href":"http:\/\/www.primeranota.cl\/web\/wp-json\/wp\/v2\/posts\/5903\/revisions\/5904"}],"wp:featuredmedia":[{"embeddable":true,"href":"http:\/\/www.primeranota.cl\/web\/wp-json\/wp\/v2\/media\/3893"}],"wp:attachment":[{"href":"http:\/\/www.primeranota.cl\/web\/wp-json\/wp\/v2\/media?parent=5903"}],"wp:term":[{"taxonomy":"category","embeddable":true,"href":"http:\/\/www.primeranota.cl\/web\/wp-json\/wp\/v2\/categories?post=5903"},{"taxonomy":"post_tag","embeddable":true,"href":"http:\/\/www.primeranota.cl\/web\/wp-json\/wp\/v2\/tags?post=5903"}],"curies":[{"name":"wp","href":"https:\/\/api.w.org\/{rel}","templated":true}]}}