{"id":6045,"date":"2019-03-01T17:52:59","date_gmt":"2019-03-01T20:52:59","guid":{"rendered":"http:\/\/www.primeranota.cl\/web\/?p=6045"},"modified":"2019-03-01T17:52:59","modified_gmt":"2019-03-01T20:52:59","slug":"este-fin-de-semana-7to-festival-nacional-del-cordero-en-victoria","status":"publish","type":"post","link":"http:\/\/www.primeranota.cl\/web\/region\/este-fin-de-semana-7to-festival-nacional-del-cordero-en-victoria\/","title":{"rendered":"Este fin de semana 7to Festival Nacional del Cordero en Victoria"},"content":{"rendered":"<p>En su s\u00e9ptima versi\u00f3n, el evento desarrollado por la Cooperativa de Ovinos Victoria, junto al Municipio local y el apoyo de CORFO, espera ratificar la calidad y caracter\u00edsticas del reconocido cordero victoriense, tal como lo explica el Gerente de Ovicoop, Juan Carlos Villagra, \u201cno s\u00f3lo van a poder disfrutar del t\u00edpico asado al palo, sino tambi\u00e9n vamos a dar a conocer los mejores cortes especiales para cada preparaci\u00f3n\u201d. Junto a ello, folclor, certeza artesanal, gastronom\u00eda t\u00edpica, jineteadas, muestra ovina, artesan\u00eda, juegos infantiles, entre una serie de actividades para toda la familia, entre las que destaca el Gran Show Aniversario, que contar\u00e1 con la presentaci\u00f3n del reconocido cantautor nacional Gepe, la m\u00fasica tropical de Jordan y la entretenida animaci\u00f3n de \u201cWilly Sabor\u201d.<\/p>\n<p>Todo es parte del trabajo de la Cooperativa de Ovinos Victoria, quienes han logrado rescatar la tradici\u00f3n ganadera de Victoria y parte de los campos de la denominada Araucan\u00eda Andina de Malleco, para obtener un producto menos graso y de mejor sabor, en base al trabajo de los peque\u00f1os ganaderos que componen la organizaci\u00f3n.<\/p>\n<p>Durante el fin de semana se espera reunir a unos 45 mil asistentes en el recinto militar del Regimiento Log\u00edstico No3, de Victoria. Todo comenzar\u00e1 la tarde del viernes 01 de marzo, cuando se de el inicio al evento, para seguir el s\u00e1bado, con las actividades familiares y el Gran Show Aniversario, finalizando el domingo, cuando se preparar\u00e1n y entregar\u00e1n de manera gratuita a los asistentes decenas de asados de cordero, con el objetivo de dar a conocer el sabor distintivo de los ovinos victorienses. \u201cInvitamos a la gente a que venga a ver nuestro trabajo junto al Municipio y Corfo. Va a haber jineteadas, competencia de tejo, degustaci\u00f3n del cordero victoriense de manera gratuita\u201d adelant\u00f3 Adelmo Castro, Presidente de la Cooperativa de Ovinos Victoria.<\/p>\n","protected":false},"excerpt":{"rendered":"<p>En su s\u00e9ptima versi\u00f3n, el evento desarrollado por la Cooperativa de Ovinos Victoria, junto al Municipio local y el apoyo de CORFO, espera ratificar la&#8230;<\/p>\n","protected":false},"author":2,"featured_media":6046,"comment_status":"closed","ping_status":"open","sticky":false,"template":"","format":"standard","meta":{"footnotes":""},"categories":[267,3],"tags":[],"_links":{"self":[{"href":"http:\/\/www.primeranota.cl\/web\/wp-json\/wp\/v2\/posts\/6045"}],"collection":[{"href":"http:\/\/www.primeranota.cl\/web\/wp-json\/wp\/v2\/posts"}],"about":[{"href":"http:\/\/www.primeranota.cl\/web\/wp-json\/wp\/v2\/types\/post"}],"author":[{"embeddable":true,"href":"http:\/\/www.primeranota.cl\/web\/wp-json\/wp\/v2\/users\/2"}],"replies":[{"embeddable":true,"href":"http:\/\/www.primeranota.cl\/web\/wp-json\/wp\/v2\/comments?post=6045"}],"version-history":[{"count":1,"href":"http:\/\/www.primeranota.cl\/web\/wp-json\/wp\/v2\/posts\/6045\/revisions"}],"predecessor-version":[{"id":6047,"href":"http:\/\/www.primeranota.cl\/web\/wp-json\/wp\/v2\/posts\/6045\/revisions\/6047"}],"wp:featuredmedia":[{"embeddable":true,"href":"http:\/\/www.primeranota.cl\/web\/wp-json\/wp\/v2\/media\/6046"}],"wp:attachment":[{"href":"http:\/\/www.primeranota.cl\/web\/wp-json\/wp\/v2\/media?parent=6045"}],"wp:term":[{"taxonomy":"category","embeddable":true,"href":"http:\/\/www.primeranota.cl\/web\/wp-json\/wp\/v2\/categories?post=6045"},{"taxonomy":"post_tag","embeddable":true,"href":"http:\/\/www.primeranota.cl\/web\/wp-json\/wp\/v2\/tags?post=6045"}],"curies":[{"name":"wp","href":"https:\/\/api.w.org\/{rel}","templated":true}]}}