{"id":6118,"date":"2019-03-05T08:07:19","date_gmt":"2019-03-05T11:07:19","guid":{"rendered":"http:\/\/www.primeranota.cl\/web\/?p=6118"},"modified":"2019-03-05T08:07:19","modified_gmt":"2019-03-05T11:07:19","slug":"rd-negocia-los-votos-para-asegurar-presidencia-de-la-camara-a-la-dc","status":"publish","type":"post","link":"http:\/\/www.primeranota.cl\/web\/politica\/rd-negocia-los-votos-para-asegurar-presidencia-de-la-camara-a-la-dc\/","title":{"rendered":"RD negocia los votos para asegurar presidencia de la c\u00e1mara a la DC"},"content":{"rendered":"<p>Son 16 los diputados del Frente Amplio dispuestos a refrendar el acuerdo. Carta DC espera que se vote este 12 de marzo.<\/p>\n<p>Una serie de conversaciones sostuvieron este lunes los diputados de Revoluci\u00f3n Democr\u00e1tica (RD) Miguel Crispi y Giorgio Jackson con distintos parlamentarios de oposici\u00f3n. Los di\u00e1logos ten\u00edan como objetivo avanzar en un entendimiento para lograr ratificar el pacto administrativo de la C\u00e1mara de Diputados que permitir\u00eda al democratacristiano Gabriel Silber -quien tambi\u00e9n convers\u00f3 con los frenteamplistas- llegar a la testera de la corporaci\u00f3n.<\/p>\n<p>De esta manera, los l\u00edderes RD aclararon que 16 de los 20 diputados del Frente Amplio est\u00e1n dispuestos a respetar el acuerdo tras consensuar bases m\u00ednimas legislativas.<\/p>\n<p>Pese a eso, desde la ex Nueva Mayor\u00eda leyeron esto como una se\u00f1al clave de que el pacto no se quebrar\u00e1 y que finalmente Silber podr\u00e1 asumir la presidencia de la mesa de la C\u00e1mara.<\/p>\n<p>Crispi, adem\u00e1s, asegur\u00f3 que \u201cyo he hablado con Gabriel Silber para ver qu\u00e9 disposici\u00f3n hay para poder tener un documento com\u00fan que pueda permitir realmente tener un a\u00f1o 2019 distinto al 2018 y eso es con ciertos compromisos compartidos respecto a agendas program\u00e1ticas. Creo que hay disponibilidad\u201d.<\/p>\n<p>Pese a que desde la Democracia Cristiana han se\u00f1alado que no abrir\u00e1n di\u00e1logos con el Frente Amplio hasta que cumplan el acuerdo administrativo, Silber ha negociado con parlamentarios de este \u00faltimo bloque y ha planteado la disposici\u00f3n de avanzar en acuerdos de bases legislativas.<\/p>\n<p>La Tercera<\/p>\n","protected":false},"excerpt":{"rendered":"<p>Son 16 los diputados del Frente Amplio dispuestos a refrendar el acuerdo. Carta DC espera que se vote este 12 de marzo. Una serie de&#8230;<\/p>\n","protected":false},"author":2,"featured_media":3638,"comment_status":"closed","ping_status":"open","sticky":false,"template":"","format":"standard","meta":{"footnotes":""},"categories":[5,267],"tags":[],"_links":{"self":[{"href":"http:\/\/www.primeranota.cl\/web\/wp-json\/wp\/v2\/posts\/6118"}],"collection":[{"href":"http:\/\/www.primeranota.cl\/web\/wp-json\/wp\/v2\/posts"}],"about":[{"href":"http:\/\/www.primeranota.cl\/web\/wp-json\/wp\/v2\/types\/post"}],"author":[{"embeddable":true,"href":"http:\/\/www.primeranota.cl\/web\/wp-json\/wp\/v2\/users\/2"}],"replies":[{"embeddable":true,"href":"http:\/\/www.primeranota.cl\/web\/wp-json\/wp\/v2\/comments?post=6118"}],"version-history":[{"count":1,"href":"http:\/\/www.primeranota.cl\/web\/wp-json\/wp\/v2\/posts\/6118\/revisions"}],"predecessor-version":[{"id":6119,"href":"http:\/\/www.primeranota.cl\/web\/wp-json\/wp\/v2\/posts\/6118\/revisions\/6119"}],"wp:featuredmedia":[{"embeddable":true,"href":"http:\/\/www.primeranota.cl\/web\/wp-json\/wp\/v2\/media\/3638"}],"wp:attachment":[{"href":"http:\/\/www.primeranota.cl\/web\/wp-json\/wp\/v2\/media?parent=6118"}],"wp:term":[{"taxonomy":"category","embeddable":true,"href":"http:\/\/www.primeranota.cl\/web\/wp-json\/wp\/v2\/categories?post=6118"},{"taxonomy":"post_tag","embeddable":true,"href":"http:\/\/www.primeranota.cl\/web\/wp-json\/wp\/v2\/tags?post=6118"}],"curies":[{"name":"wp","href":"https:\/\/api.w.org\/{rel}","templated":true}]}}