{"id":6131,"date":"2019-03-05T19:24:06","date_gmt":"2019-03-05T22:24:06","guid":{"rendered":"http:\/\/www.primeranota.cl\/web\/?p=6131"},"modified":"2019-03-05T19:26:55","modified_gmt":"2019-03-05T22:26:55","slug":"parlamentarios-evopoli-solicitan-mantener-estado-de-catastrofe-en-la-region","status":"publish","type":"post","link":"http:\/\/www.primeranota.cl\/web\/region\/parlamentarios-evopoli-solicitan-mantener-estado-de-catastrofe-en-la-region\/","title":{"rendered":"Parlamentarios Ev\u00f3poli  solicitan mantener estado de cat\u00e1strofe en la regi\u00f3n"},"content":{"rendered":"<p>Parlamentarios de la bancada Ev\u00f3poli de la Regi\u00f3n de La Araucan\u00eda solicitaron al ejecutivo prorrogar el decreto que estableci\u00f3 estado de cat\u00e1strofe en la zona, ello por las altas temperaturas proyectadas para los pr\u00f3ximos d\u00edas.<\/p>\n<p>La solicitud que busca alargar el per\u00edodo hasta el mes de abril, tiene por objetivo prever posibles focos, manteniendo brigadas militares y de Conaf considerando este per\u00edodo que -adem\u00e1s de las altas temperaturas- suma quemas de rastrojos entre otras acciones de riesgo asociadas a la actividad agr\u00edcola.<\/p>\n<p>Los senadores Carmen Gloria Aravena y Felipe Kast, y los diputados Andr\u00e9s Molina y Sebasti\u00e1n \u00c1lvarez, argumentaron que dadas las p\u00e9rdidas sufridas en varias comunas de la regi\u00f3n en febrero pasado se deben extremar las acciones preventivas, tomando en cuenta que es especialmente grave que en promedio el 80 por ciento de los incendios son provocados por personas.<\/p>\n<p>\u201cConsiderando el \u00faltimo atentado ocurrido este lunes en Capit\u00e1n Pastene y diversas situaciones de violencia rural que se mantienen en la Araucan\u00eda, creemos necesario se postergue el final del Estado de Excepci\u00f3n. Este estado especial nos permite contar con mejores condiciones de seguridad y tranquilidad. Le pedimos al Presidente que escuche el llamado de los empresarios agr\u00edcolas de la Agrupaci\u00f3n de Agricultores de Victoria, de los empresarios forestales contratistas y de la SOFO, quienes tambi\u00e9n solicitan la pr\u00f3rroga del Estado de Excepci\u00f3n\u201d, expres\u00f3 la senadora Carmen Gloria Aravena.<\/p>\n<p>Cabe destacar que durante los meses de enero y febrero fueron tres las regiones en las que se decret\u00f3 zona de cat\u00e1strofe por incendios: Biob\u00edo, La Araucan\u00eda y Los R\u00edos, con 630 focos de incendio contabilizados, que destruyeron m\u00e1s de 9 mil hect\u00e1reas. Solo en La Araucan\u00eda se registraron dos muertos, 119 damnificados y 25 viviendas destruidas.<\/p>\n","protected":false},"excerpt":{"rendered":"<p>Parlamentarios de la bancada Ev\u00f3poli de la Regi\u00f3n de La Araucan\u00eda solicitaron al ejecutivo prorrogar el decreto que estableci\u00f3 estado de cat\u00e1strofe en la zona,&#8230;<\/p>\n","protected":false},"author":2,"featured_media":3968,"comment_status":"closed","ping_status":"open","sticky":false,"template":"","format":"standard","meta":{"footnotes":""},"categories":[267,3],"tags":[],"_links":{"self":[{"href":"http:\/\/www.primeranota.cl\/web\/wp-json\/wp\/v2\/posts\/6131"}],"collection":[{"href":"http:\/\/www.primeranota.cl\/web\/wp-json\/wp\/v2\/posts"}],"about":[{"href":"http:\/\/www.primeranota.cl\/web\/wp-json\/wp\/v2\/types\/post"}],"author":[{"embeddable":true,"href":"http:\/\/www.primeranota.cl\/web\/wp-json\/wp\/v2\/users\/2"}],"replies":[{"embeddable":true,"href":"http:\/\/www.primeranota.cl\/web\/wp-json\/wp\/v2\/comments?post=6131"}],"version-history":[{"count":1,"href":"http:\/\/www.primeranota.cl\/web\/wp-json\/wp\/v2\/posts\/6131\/revisions"}],"predecessor-version":[{"id":6133,"href":"http:\/\/www.primeranota.cl\/web\/wp-json\/wp\/v2\/posts\/6131\/revisions\/6133"}],"wp:featuredmedia":[{"embeddable":true,"href":"http:\/\/www.primeranota.cl\/web\/wp-json\/wp\/v2\/media\/3968"}],"wp:attachment":[{"href":"http:\/\/www.primeranota.cl\/web\/wp-json\/wp\/v2\/media?parent=6131"}],"wp:term":[{"taxonomy":"category","embeddable":true,"href":"http:\/\/www.primeranota.cl\/web\/wp-json\/wp\/v2\/categories?post=6131"},{"taxonomy":"post_tag","embeddable":true,"href":"http:\/\/www.primeranota.cl\/web\/wp-json\/wp\/v2\/tags?post=6131"}],"curies":[{"name":"wp","href":"https:\/\/api.w.org\/{rel}","templated":true}]}}