{"id":6171,"date":"2019-03-06T19:10:11","date_gmt":"2019-03-06T22:10:11","guid":{"rendered":"http:\/\/www.primeranota.cl\/web\/?p=6171"},"modified":"2019-03-06T19:10:11","modified_gmt":"2019-03-06T22:10:11","slug":"quintana-destaco-aprobacion-en-general-de-futura-ley-del-cancer","status":"publish","type":"post","link":"http:\/\/www.primeranota.cl\/web\/pais\/quintana-destaco-aprobacion-en-general-de-futura-ley-del-cancer\/","title":{"rendered":"Quintana destac\u00f3 aprobaci\u00f3n en general de futura Ley del C\u00e1ncer"},"content":{"rendered":"<p><em>\u201cSin duda esta es una gran noticia, esperada por muchas personas de nuestro pa\u00eds que d\u00eda a d\u00eda luchan con una enfermedad que necesita ser abordada por el Estado de una manera integral de la persona y su familia\u201d.<\/em><\/p>\n<p>Fueron las palabras del senador de La Araucan\u00eda, Jaime Quintana, tras la aprobaci\u00f3n de manera un\u00e1nime en la Sala del Senado, del proyecto de ley que establece la Ley Nacional del C\u00e1ncer, cuyo \u00e9nfasis est\u00e1 dado en la necesidad de financiar y regionalizar adecuadamente los planes de prevenci\u00f3n y atenci\u00f3n hacia el paciente, formando una red oncol\u00f3gica.<\/p>\n<p>En ese sentido, es que el parlamentario sostuvo que el inter\u00e9s de los congresistas, y de manera transversal, es tramitar con la mayor celeridad posible el proyecto <em>\u201cdada la urgencia que se tiene de poder reducir los \u00edndices de esta enfermedad, mejorar los diagn\u00f3sticos y el acceso al tratamiento\u201d, <\/em>dijo Quintana.<\/p>\n<p>El congresista, adem\u00e1s profundiz\u00f3 en que el proyecto tiene por objeto \u00a0<em>\u201cestablecer un marco normativo que permita desarrollar pol\u00edticas, planes y programas relacionados con la enfermedad del c\u00e1ncer, que aborde todas las etapas de manejo de la enfermedad, constituyendo un paso relevante en los \u00e1mbitos de la promoci\u00f3n de la salud; prevenci\u00f3n, detecci\u00f3n precoz y diagn\u00f3stico oportuno del c\u00e1ncer; adecuado tratamiento y recuperaci\u00f3n de la persona diagnosticada\u201d.<\/em><\/p>\n<p>Asimismo, el congresista asegur\u00f3 que se debe seguir <em>\u201cfortaleciendo y creando conciencia sobre la necesidad de una atenci\u00f3n de calidad, oportuna y equitativa para la poblaci\u00f3n del pa\u00eds en esta materia, que permita disminuir progresivamente la incidencia y mortalidad a causa de esta patolog\u00eda\u201d.<\/em><\/p>\n<p>Finalmente el senador Jaime Quintana, dijo que <em>\u201cesperamos seguir avanzando firmemente en este proyecto, entendiendo la urgencia que amerita y conociendo que los casos de c\u00e1ncer en nuestro pa\u00eds son muy elevados.\u201d.<\/em><\/p>\n<p>De este modo, se fij\u00f3 como plazo para realizar indicaciones el pr\u00f3ximo 1 de abril, luego de lo cual, la iniciativa ser\u00e1 analizada por la Comisi\u00f3n de Salud para realizar los perfeccionamientos respectivos.<\/p>\n<p>&nbsp;<\/p>\n","protected":false},"excerpt":{"rendered":"<p>\u201cSin duda esta es una gran noticia, esperada por muchas personas de nuestro pa\u00eds que d\u00eda a d\u00eda luchan con una enfermedad que necesita ser&#8230;<\/p>\n","protected":false},"author":2,"featured_media":1090,"comment_status":"closed","ping_status":"open","sticky":false,"template":"","format":"standard","meta":{"footnotes":""},"categories":[4,267],"tags":[],"_links":{"self":[{"href":"http:\/\/www.primeranota.cl\/web\/wp-json\/wp\/v2\/posts\/6171"}],"collection":[{"href":"http:\/\/www.primeranota.cl\/web\/wp-json\/wp\/v2\/posts"}],"about":[{"href":"http:\/\/www.primeranota.cl\/web\/wp-json\/wp\/v2\/types\/post"}],"author":[{"embeddable":true,"href":"http:\/\/www.primeranota.cl\/web\/wp-json\/wp\/v2\/users\/2"}],"replies":[{"embeddable":true,"href":"http:\/\/www.primeranota.cl\/web\/wp-json\/wp\/v2\/comments?post=6171"}],"version-history":[{"count":1,"href":"http:\/\/www.primeranota.cl\/web\/wp-json\/wp\/v2\/posts\/6171\/revisions"}],"predecessor-version":[{"id":6172,"href":"http:\/\/www.primeranota.cl\/web\/wp-json\/wp\/v2\/posts\/6171\/revisions\/6172"}],"wp:featuredmedia":[{"embeddable":true,"href":"http:\/\/www.primeranota.cl\/web\/wp-json\/wp\/v2\/media\/1090"}],"wp:attachment":[{"href":"http:\/\/www.primeranota.cl\/web\/wp-json\/wp\/v2\/media?parent=6171"}],"wp:term":[{"taxonomy":"category","embeddable":true,"href":"http:\/\/www.primeranota.cl\/web\/wp-json\/wp\/v2\/categories?post=6171"},{"taxonomy":"post_tag","embeddable":true,"href":"http:\/\/www.primeranota.cl\/web\/wp-json\/wp\/v2\/tags?post=6171"}],"curies":[{"name":"wp","href":"https:\/\/api.w.org\/{rel}","templated":true}]}}