{"id":6175,"date":"2019-03-06T21:16:59","date_gmt":"2019-03-07T00:16:59","guid":{"rendered":"http:\/\/www.primeranota.cl\/web\/?p=6175"},"modified":"2019-03-06T21:25:23","modified_gmt":"2019-03-07T00:25:23","slug":"huenchumilla-por-ministerio-de-desarrollo-social-y-familia-va-en-la-direccion-correcta","status":"publish","type":"post","link":"http:\/\/www.primeranota.cl\/web\/pais\/huenchumilla-por-ministerio-de-desarrollo-social-y-familia-va-en-la-direccion-correcta\/","title":{"rendered":"Huenchumilla por Ministerio de Desarrollo Social y Familia: \u201cVa en la direcci\u00f3n correcta\u201d"},"content":{"rendered":"<p><em>Para el senador Huenchumilla, el texto legal va en la direcci\u00f3n correcta. \u201cImplica darle un contenido mucho m\u00e1s profundo y esencial a las tareas de este Ministerio\u201d, se\u00f1al\u00f3.<\/em><\/p>\n<p>El inter\u00e9s del Hemiciclo despert\u00f3 la discusi\u00f3n en general y en particular del proyecto de ley que crea el Ministerio de Desarrollo Social y Familia, con lo cual se incorpora a las familias, en el contexto del dise\u00f1o y aplicaci\u00f3n de las pol\u00edticas, planes y programas sociales, como sujetos de atenci\u00f3n del nuevo Ministerio.<\/p>\n<p>Con todo, la nueva figura fue respaldada por 33 votos a favor y 3 abstenciones y pasa a tercer tr\u00e1mite constitucional.<\/p>\n<p>En la oportunidad hicieron uso de la palabra los senadores Juan Pablo Letelier, Rabindranath Quinteros, Francisco Huenchumilla, Jos\u00e9 Miguel Insulza, Luz Ebensperger, Juan Antonio Coloma, Francisco Chahu\u00e1n, Carmen Gloria Aravena, Jorge Pizarro, Rodrigo Galilea, Alejandro Guillier, Felipe Kast, Ximena Rinc\u00f3n, David Sandoval, Alejandro Navarro, Juan Ignacio Latorre y Kenneth Pugh.<\/p>\n<p>Pese al importante apoyo y a que se valor\u00f3 que el concepto de familia es entendido en su amplio sentido, adem\u00e1s de considerar de una forma fundamental a la clase media, se advirti\u00f3, desde algunos sectores, que el cambio de nomenclatura no era necesario y que se podr\u00eda desdibujar el rol primordial del Ministerio de Desarrollo Social, que es contribuir en el dise\u00f1o y aplicaci\u00f3n de pol\u00edticas, planes y programas en materia de desarrollo social, especialmente aquellas destinadas a erradicar la pobreza y brindar protecci\u00f3n social a las personas o grupos vulnerables, promoviendo la movilidad e integraci\u00f3n social.<\/p>\n","protected":false},"excerpt":{"rendered":"<p>Para el senador Huenchumilla, el texto legal va en la direcci\u00f3n correcta. \u201cImplica darle un contenido mucho m\u00e1s profundo y esencial a las tareas de&#8230;<\/p>\n","protected":false},"author":2,"featured_media":3130,"comment_status":"closed","ping_status":"open","sticky":false,"template":"","format":"standard","meta":{"footnotes":""},"categories":[4,267],"tags":[],"_links":{"self":[{"href":"http:\/\/www.primeranota.cl\/web\/wp-json\/wp\/v2\/posts\/6175"}],"collection":[{"href":"http:\/\/www.primeranota.cl\/web\/wp-json\/wp\/v2\/posts"}],"about":[{"href":"http:\/\/www.primeranota.cl\/web\/wp-json\/wp\/v2\/types\/post"}],"author":[{"embeddable":true,"href":"http:\/\/www.primeranota.cl\/web\/wp-json\/wp\/v2\/users\/2"}],"replies":[{"embeddable":true,"href":"http:\/\/www.primeranota.cl\/web\/wp-json\/wp\/v2\/comments?post=6175"}],"version-history":[{"count":1,"href":"http:\/\/www.primeranota.cl\/web\/wp-json\/wp\/v2\/posts\/6175\/revisions"}],"predecessor-version":[{"id":6176,"href":"http:\/\/www.primeranota.cl\/web\/wp-json\/wp\/v2\/posts\/6175\/revisions\/6176"}],"wp:featuredmedia":[{"embeddable":true,"href":"http:\/\/www.primeranota.cl\/web\/wp-json\/wp\/v2\/media\/3130"}],"wp:attachment":[{"href":"http:\/\/www.primeranota.cl\/web\/wp-json\/wp\/v2\/media?parent=6175"}],"wp:term":[{"taxonomy":"category","embeddable":true,"href":"http:\/\/www.primeranota.cl\/web\/wp-json\/wp\/v2\/categories?post=6175"},{"taxonomy":"post_tag","embeddable":true,"href":"http:\/\/www.primeranota.cl\/web\/wp-json\/wp\/v2\/tags?post=6175"}],"curies":[{"name":"wp","href":"https:\/\/api.w.org\/{rel}","templated":true}]}}