{"id":6177,"date":"2019-03-07T07:51:46","date_gmt":"2019-03-07T10:51:46","guid":{"rendered":"http:\/\/www.primeranota.cl\/web\/?p=6177"},"modified":"2019-03-07T07:52:18","modified_gmt":"2019-03-07T10:52:18","slug":"boric-fue-sancionado-por-el-episodio-de-la-polera","status":"publish","type":"post","link":"http:\/\/www.primeranota.cl\/web\/pais\/boric-fue-sancionado-por-el-episodio-de-la-polera\/","title":{"rendered":"Boric fue sancionado por el episodio de la polera"},"content":{"rendered":"<p>A fines de 2018, Gabriel Boric debi\u00f3 aclarar un video donde posaba con una polera que mostraba a Jaime Guzm\u00e1n baleado.<\/p>\n<p>En ese momento, la UDI pidi\u00f3 un castigo ejemplar para el diputado: el 15% de su dieta parlamentaria.<\/p>\n<p>La entrevista con el canal de YouTube &#8220;El Disco&#8221;, donde recibi\u00f3 la camiseta, ocurri\u00f3 el 22 de junio de 2017.<\/p>\n<p>Tres meses despu\u00e9s, espec\u00edficamente este mi\u00e9rcoles, se dio a conocer la sanci\u00f3n para el integrante del Movimiento Autonomista.<\/p>\n<p>Boric fue sancionado con el 5% de la dieta, medida que \u00e9l mismo le hab\u00eda solicitado a la Comisi\u00f3n de \u00c9tica.<\/p>\n","protected":false},"excerpt":{"rendered":"<p>A fines de 2018, Gabriel Boric debi\u00f3 aclarar un video donde posaba con una polera que mostraba a Jaime Guzm\u00e1n baleado. En ese momento, la&#8230;<\/p>\n","protected":false},"author":2,"featured_media":4894,"comment_status":"closed","ping_status":"open","sticky":false,"template":"","format":"standard","meta":{"footnotes":""},"categories":[4,267],"tags":[],"_links":{"self":[{"href":"http:\/\/www.primeranota.cl\/web\/wp-json\/wp\/v2\/posts\/6177"}],"collection":[{"href":"http:\/\/www.primeranota.cl\/web\/wp-json\/wp\/v2\/posts"}],"about":[{"href":"http:\/\/www.primeranota.cl\/web\/wp-json\/wp\/v2\/types\/post"}],"author":[{"embeddable":true,"href":"http:\/\/www.primeranota.cl\/web\/wp-json\/wp\/v2\/users\/2"}],"replies":[{"embeddable":true,"href":"http:\/\/www.primeranota.cl\/web\/wp-json\/wp\/v2\/comments?post=6177"}],"version-history":[{"count":2,"href":"http:\/\/www.primeranota.cl\/web\/wp-json\/wp\/v2\/posts\/6177\/revisions"}],"predecessor-version":[{"id":6179,"href":"http:\/\/www.primeranota.cl\/web\/wp-json\/wp\/v2\/posts\/6177\/revisions\/6179"}],"wp:featuredmedia":[{"embeddable":true,"href":"http:\/\/www.primeranota.cl\/web\/wp-json\/wp\/v2\/media\/4894"}],"wp:attachment":[{"href":"http:\/\/www.primeranota.cl\/web\/wp-json\/wp\/v2\/media?parent=6177"}],"wp:term":[{"taxonomy":"category","embeddable":true,"href":"http:\/\/www.primeranota.cl\/web\/wp-json\/wp\/v2\/categories?post=6177"},{"taxonomy":"post_tag","embeddable":true,"href":"http:\/\/www.primeranota.cl\/web\/wp-json\/wp\/v2\/tags?post=6177"}],"curies":[{"name":"wp","href":"https:\/\/api.w.org\/{rel}","templated":true}]}}