{"id":6229,"date":"2019-03-10T09:19:10","date_gmt":"2019-03-10T12:19:10","guid":{"rendered":"http:\/\/www.primeranota.cl\/web\/?p=6229"},"modified":"2019-03-10T09:19:10","modified_gmt":"2019-03-10T12:19:10","slug":"jaime-quintana-futuro-presidente-del-senado-esperamos-que-este-ano-se-pueda-debatir-y-ojala-aprobar-el-matrimonio-igualitario","status":"publish","type":"post","link":"http:\/\/www.primeranota.cl\/web\/pais\/jaime-quintana-futuro-presidente-del-senado-esperamos-que-este-ano-se-pueda-debatir-y-ojala-aprobar-el-matrimonio-igualitario\/","title":{"rendered":"Jaime Quintana, futuro presidente del Senado: \u201cesperamos que este a\u00f1o se pueda debatir y ojal\u00e1 aprobar el matrimonio igualitario\u201d"},"content":{"rendered":"<p>Senador PPD, asumir\u00e1 la presidencia de la C\u00e1mara Alta el pr\u00f3ximo martes- asegura que ofrecer\u00e1 un \u201cdi\u00e1logo permanente y fluido\u201d a La Moneda. Advierte, eso s\u00ed, que el tono del Presidente Pi\u00f1era debe ser de \u201crespeto por el Congreso\u201d, se\u00f1alo en entrevista con La Tercera<br \/>\nEl pr\u00f3ximo martes Jaime Quintana (PPD) asumir\u00e1 la presidencia del Senado. Y lo har\u00e1 en un a\u00f1o clave para el avance de las reformas del gobierno del Presidente Sebasti\u00e1n Pi\u00f1era, pero tambi\u00e9n -seg\u00fan \u00e9l- para la articulaci\u00f3n de la oposici\u00f3n. En esta entrevista, el senador por La Araucan\u00eda asegura que ofrecer\u00e1 un di\u00e1logo permanente al Ejecutivo, aunque advierte que para eso se requerir\u00e1 un tono de respeto por parte del Mandatario y un buen nivel de debate. Adem\u00e1s, adelanta los que ser\u00e1n los ejes de su gesti\u00f3n, en la que espera reimpulsar proyectos emblem\u00e1ticos como la Nueva Constituci\u00f3n y el matrimonio igualitario. \u201cNos vamos a jugar porque la Sala este a\u00f1o pueda conocer, debatir y ojal\u00e1 aprobar el matrimonio igualitario\u201d, anuncia<\/p>\n","protected":false},"excerpt":{"rendered":"<p>Senador PPD, asumir\u00e1 la presidencia de la C\u00e1mara Alta el pr\u00f3ximo martes- asegura que ofrecer\u00e1 un \u201cdi\u00e1logo permanente y fluido\u201d a La Moneda. Advierte, eso&#8230;<\/p>\n","protected":false},"author":2,"featured_media":1069,"comment_status":"closed","ping_status":"open","sticky":false,"template":"","format":"standard","meta":{"footnotes":""},"categories":[4,267],"tags":[],"_links":{"self":[{"href":"http:\/\/www.primeranota.cl\/web\/wp-json\/wp\/v2\/posts\/6229"}],"collection":[{"href":"http:\/\/www.primeranota.cl\/web\/wp-json\/wp\/v2\/posts"}],"about":[{"href":"http:\/\/www.primeranota.cl\/web\/wp-json\/wp\/v2\/types\/post"}],"author":[{"embeddable":true,"href":"http:\/\/www.primeranota.cl\/web\/wp-json\/wp\/v2\/users\/2"}],"replies":[{"embeddable":true,"href":"http:\/\/www.primeranota.cl\/web\/wp-json\/wp\/v2\/comments?post=6229"}],"version-history":[{"count":1,"href":"http:\/\/www.primeranota.cl\/web\/wp-json\/wp\/v2\/posts\/6229\/revisions"}],"predecessor-version":[{"id":6230,"href":"http:\/\/www.primeranota.cl\/web\/wp-json\/wp\/v2\/posts\/6229\/revisions\/6230"}],"wp:featuredmedia":[{"embeddable":true,"href":"http:\/\/www.primeranota.cl\/web\/wp-json\/wp\/v2\/media\/1069"}],"wp:attachment":[{"href":"http:\/\/www.primeranota.cl\/web\/wp-json\/wp\/v2\/media?parent=6229"}],"wp:term":[{"taxonomy":"category","embeddable":true,"href":"http:\/\/www.primeranota.cl\/web\/wp-json\/wp\/v2\/categories?post=6229"},{"taxonomy":"post_tag","embeddable":true,"href":"http:\/\/www.primeranota.cl\/web\/wp-json\/wp\/v2\/tags?post=6229"}],"curies":[{"name":"wp","href":"https:\/\/api.w.org\/{rel}","templated":true}]}}