{"id":626,"date":"2018-07-04T11:10:05","date_gmt":"2018-07-04T11:10:05","guid":{"rendered":"http:\/\/www.primeranota.cl\/web\/?p=626"},"modified":"2018-07-04T18:41:21","modified_gmt":"2018-07-04T22:41:21","slug":"senador-huenchumilla-el-proyecto-es-una-reforma-profunda-un-antes-y-un-despues-en-el-estado-de-chile-por-reforma-constitucional-sobre-pueblos-indigenas","status":"publish","type":"post","link":"http:\/\/www.primeranota.cl\/web\/pais\/senador-huenchumilla-el-proyecto-es-una-reforma-profunda-un-antes-y-un-despues-en-el-estado-de-chile-por-reforma-constitucional-sobre-pueblos-indigenas\/","title":{"rendered":"Senador Huenchumilla: &#8220;El proyecto es una reforma profunda, un antes y un desp\u00faes en el Estado de Chile&#8221;  por reforma constitucional sobre pueblos ind\u00edgenas"},"content":{"rendered":"<p><strong>El senador Francisco Huenchumilla presentar\u00e1\u00a0 hoy reforma constitucional\u00a0 que apunta a la plurinacionalidad, adem\u00e1s plantea restituci\u00f3n de tierras, autodeterminaci\u00f3n econ\u00f3mica social y jurisdicci\u00f3n propia para pueblos ind\u00edgenas.<\/strong><\/p>\n<p>El senador DC Francisco Huenchumilla elabor\u00f3 un ambicioso proyecto de reforma constitucional que busca el reconocimiento de la plurinacionalidad y de los derechos de los pueblos ind\u00edgenas.<br \/>\nLa iniciativa\u00a0 cuenta con el apoyo de los senadores Yasna Provoste (DC), Jaime Quintana (PPD), Alfonso de Urresti (PS), Juan Ignacio Latorre (RD).\u00a0 Se plantea entonces que \u201cel Estado es el que debe, mediante sus mecanismos legales, ofrecer las posibilidades espec\u00edficas de recuperaci\u00f3n de las tierras ind\u00edgenas, tanto para su restituci\u00f3n como para la reparaci\u00f3n de su p\u00e9rdida, cuando la restituci\u00f3n no es posible\u201d.<\/p>\n<p>(&#8230;.) Para conocer el documento completo<\/p>\n<p>[pdf-embedder url=&#8221;http:\/\/www.primeranota.cl\/web\/wp-content\/uploads\/2018\/07\/REFORMA-CONSTITUCIONAL-04-Julio.pdf&#8221; title=&#8221;REFORMA CONSTITUCIONAL &#8211; SENADOR FRANCISCO HUENCHUMILLA&#8221;]<\/p>\n","protected":false},"excerpt":{"rendered":"<p>El senador Francisco Huenchumilla presentar\u00e1\u00a0 hoy reforma constitucional\u00a0 que apunta a la plurinacionalidad, adem\u00e1s plantea restituci\u00f3n de tierras, autodeterminaci\u00f3n econ\u00f3mica social y jurisdicci\u00f3n propia para&#8230;<\/p>\n","protected":false},"author":2,"featured_media":627,"comment_status":"closed","ping_status":"open","sticky":false,"template":"","format":"standard","meta":{"footnotes":""},"categories":[4,5,267],"tags":[266,238,265],"_links":{"self":[{"href":"http:\/\/www.primeranota.cl\/web\/wp-json\/wp\/v2\/posts\/626"}],"collection":[{"href":"http:\/\/www.primeranota.cl\/web\/wp-json\/wp\/v2\/posts"}],"about":[{"href":"http:\/\/www.primeranota.cl\/web\/wp-json\/wp\/v2\/types\/post"}],"author":[{"embeddable":true,"href":"http:\/\/www.primeranota.cl\/web\/wp-json\/wp\/v2\/users\/2"}],"replies":[{"embeddable":true,"href":"http:\/\/www.primeranota.cl\/web\/wp-json\/wp\/v2\/comments?post=626"}],"version-history":[{"count":8,"href":"http:\/\/www.primeranota.cl\/web\/wp-json\/wp\/v2\/posts\/626\/revisions"}],"predecessor-version":[{"id":658,"href":"http:\/\/www.primeranota.cl\/web\/wp-json\/wp\/v2\/posts\/626\/revisions\/658"}],"wp:featuredmedia":[{"embeddable":true,"href":"http:\/\/www.primeranota.cl\/web\/wp-json\/wp\/v2\/media\/627"}],"wp:attachment":[{"href":"http:\/\/www.primeranota.cl\/web\/wp-json\/wp\/v2\/media?parent=626"}],"wp:term":[{"taxonomy":"category","embeddable":true,"href":"http:\/\/www.primeranota.cl\/web\/wp-json\/wp\/v2\/categories?post=626"},{"taxonomy":"post_tag","embeddable":true,"href":"http:\/\/www.primeranota.cl\/web\/wp-json\/wp\/v2\/tags?post=626"}],"curies":[{"name":"wp","href":"https:\/\/api.w.org\/{rel}","templated":true}]}}