{"id":6261,"date":"2019-03-12T07:47:44","date_gmt":"2019-03-12T10:47:44","guid":{"rendered":"http:\/\/www.primeranota.cl\/web\/?p=6261"},"modified":"2019-03-12T07:47:44","modified_gmt":"2019-03-12T10:47:44","slug":"pinera-descarta-un-tercer-gobierno","status":"publish","type":"post","link":"http:\/\/www.primeranota.cl\/web\/pais\/pinera-descarta-un-tercer-gobierno\/","title":{"rendered":"Pi\u00f1era descarta un tercer gobierno"},"content":{"rendered":"<p><strong>Dice Sebasti\u00e1n Pi\u00f1era que hoy, 11 de marzo, el d\u00eda del primer aniversario de su segundo gobierno, se siente m\u00e1s preparado para ser Presidente. Los tiempos han cambiado: el viernes casi 200 mil mujeres marchaban por igualdad de derechos frente a La Moneda, la oposici\u00f3n que enfrenta hoy est\u00e1 m\u00e1s dispersa, su sector pol\u00edtico no tiene mayor\u00eda en ninguna de las c\u00e1maras del Congreso y este a\u00f1o que comienza aparece como el momento clave en que puede desplegar las reformas que plante\u00f3 para \u00e9sta, su segunda administraci\u00f3n en el poder.<\/strong><\/p>\n<p><strong>\u00a0<\/strong><strong>En el primer aniversario de este gobierno, el Presidente hace un balance de lo que ha sido el a\u00f1o y aborda c\u00f3mo piensa proyectar su gesti\u00f3n. \u201cPor supuesto que estoy preocupado por la sucesi\u00f3n. El \u00e9xito de gobierno se mide por dos grandes frentes. Primero, si logr\u00f3 dejar un pa\u00eds mejor del que recibi\u00f3, si logr\u00f3 mejorar la calidad de vida de los chilenos. Y la otra forma de medir, es si logr\u00f3 traspasarle la banda a una persona que contin\u00fae con ese proyecto\u201d.<\/strong><\/p>\n<p><strong>\u00a0<\/strong><strong>Dice que \u00e9l tambi\u00e9n ha cambiado. Que est\u00e1 m\u00e1s viejo, tiene otras ma\u00f1as, pero asegura que mantiene la pasi\u00f3n que lo llev\u00f3 a la primera magistratura. Este a\u00f1o tuvo un verano complejo: incendios en el sur, inundaciones en el norte, y una buena cuota de su atenci\u00f3n puesta en Venezuela. Tanto, que un d\u00eda decidi\u00f3 que era mejor volver a La Moneda que estar de vacaciones en Lago Ranco.<\/strong><\/p>\n<p><strong>La Tercera<\/strong><\/p>\n","protected":false},"excerpt":{"rendered":"<p>Dice Sebasti\u00e1n Pi\u00f1era que hoy, 11 de marzo, el d\u00eda del primer aniversario de su segundo gobierno, se siente m\u00e1s preparado para ser Presidente. Los&#8230;<\/p>\n","protected":false},"author":2,"featured_media":2444,"comment_status":"closed","ping_status":"open","sticky":false,"template":"","format":"standard","meta":{"footnotes":""},"categories":[4,267],"tags":[],"_links":{"self":[{"href":"http:\/\/www.primeranota.cl\/web\/wp-json\/wp\/v2\/posts\/6261"}],"collection":[{"href":"http:\/\/www.primeranota.cl\/web\/wp-json\/wp\/v2\/posts"}],"about":[{"href":"http:\/\/www.primeranota.cl\/web\/wp-json\/wp\/v2\/types\/post"}],"author":[{"embeddable":true,"href":"http:\/\/www.primeranota.cl\/web\/wp-json\/wp\/v2\/users\/2"}],"replies":[{"embeddable":true,"href":"http:\/\/www.primeranota.cl\/web\/wp-json\/wp\/v2\/comments?post=6261"}],"version-history":[{"count":1,"href":"http:\/\/www.primeranota.cl\/web\/wp-json\/wp\/v2\/posts\/6261\/revisions"}],"predecessor-version":[{"id":6262,"href":"http:\/\/www.primeranota.cl\/web\/wp-json\/wp\/v2\/posts\/6261\/revisions\/6262"}],"wp:featuredmedia":[{"embeddable":true,"href":"http:\/\/www.primeranota.cl\/web\/wp-json\/wp\/v2\/media\/2444"}],"wp:attachment":[{"href":"http:\/\/www.primeranota.cl\/web\/wp-json\/wp\/v2\/media?parent=6261"}],"wp:term":[{"taxonomy":"category","embeddable":true,"href":"http:\/\/www.primeranota.cl\/web\/wp-json\/wp\/v2\/categories?post=6261"},{"taxonomy":"post_tag","embeddable":true,"href":"http:\/\/www.primeranota.cl\/web\/wp-json\/wp\/v2\/tags?post=6261"}],"curies":[{"name":"wp","href":"https:\/\/api.w.org\/{rel}","templated":true}]}}