{"id":6263,"date":"2019-03-12T07:51:09","date_gmt":"2019-03-12T10:51:09","guid":{"rendered":"http:\/\/www.primeranota.cl\/web\/?p=6263"},"modified":"2019-03-12T07:51:09","modified_gmt":"2019-03-12T10:51:09","slug":"ee-uu-retira-a-su-personal-diplomatico-de-venezuela","status":"publish","type":"post","link":"http:\/\/www.primeranota.cl\/web\/pais\/ee-uu-retira-a-su-personal-diplomatico-de-venezuela\/","title":{"rendered":"EE.UU. retira a su personal diplom\u00e1tico de Venezuela"},"content":{"rendered":"<p>&#8220;Esta decisi\u00f3n refleja el deterioro de la situaci\u00f3n&#8221;, dijo el secretario de Estado, Mike Pompeo.<\/p>\n<p>El gobierno de Estados Unidos decidi\u00f3 retirar a todo su personal diplom\u00e1tico de la embajada de Caracas, Venezuela, en medio del apag\u00f3n generalizado que afecta al pa\u00eds caribe\u00f1o.<\/p>\n<p>De acuerdo con secretario de Estado, Mike Pompeo, la medida se ir\u00e1 concretando durante la semana.<\/p>\n<p>\u201cEsta decisi\u00f3n refleja el deterioro de la situaci\u00f3n en Venezuela, as\u00ed como la conclusi\u00f3n de que la presencia de personal diplom\u00e1tico en la embajada se ha convertido en un obst\u00e1culo para la pol\u00edtica estadounidense\u201d, explic\u00f3 en su cuenta de Twitter.<\/p>\n","protected":false},"excerpt":{"rendered":"<p>&#8220;Esta decisi\u00f3n refleja el deterioro de la situaci\u00f3n&#8221;, dijo el secretario de Estado, Mike Pompeo. El gobierno de Estados Unidos decidi\u00f3 retirar a todo su&#8230;<\/p>\n","protected":false},"author":2,"featured_media":2586,"comment_status":"closed","ping_status":"open","sticky":false,"template":"","format":"standard","meta":{"footnotes":""},"categories":[4,267],"tags":[],"_links":{"self":[{"href":"http:\/\/www.primeranota.cl\/web\/wp-json\/wp\/v2\/posts\/6263"}],"collection":[{"href":"http:\/\/www.primeranota.cl\/web\/wp-json\/wp\/v2\/posts"}],"about":[{"href":"http:\/\/www.primeranota.cl\/web\/wp-json\/wp\/v2\/types\/post"}],"author":[{"embeddable":true,"href":"http:\/\/www.primeranota.cl\/web\/wp-json\/wp\/v2\/users\/2"}],"replies":[{"embeddable":true,"href":"http:\/\/www.primeranota.cl\/web\/wp-json\/wp\/v2\/comments?post=6263"}],"version-history":[{"count":1,"href":"http:\/\/www.primeranota.cl\/web\/wp-json\/wp\/v2\/posts\/6263\/revisions"}],"predecessor-version":[{"id":6264,"href":"http:\/\/www.primeranota.cl\/web\/wp-json\/wp\/v2\/posts\/6263\/revisions\/6264"}],"wp:featuredmedia":[{"embeddable":true,"href":"http:\/\/www.primeranota.cl\/web\/wp-json\/wp\/v2\/media\/2586"}],"wp:attachment":[{"href":"http:\/\/www.primeranota.cl\/web\/wp-json\/wp\/v2\/media?parent=6263"}],"wp:term":[{"taxonomy":"category","embeddable":true,"href":"http:\/\/www.primeranota.cl\/web\/wp-json\/wp\/v2\/categories?post=6263"},{"taxonomy":"post_tag","embeddable":true,"href":"http:\/\/www.primeranota.cl\/web\/wp-json\/wp\/v2\/tags?post=6263"}],"curies":[{"name":"wp","href":"https:\/\/api.w.org\/{rel}","templated":true}]}}