{"id":6281,"date":"2019-03-12T13:07:07","date_gmt":"2019-03-12T16:07:07","guid":{"rendered":"http:\/\/www.primeranota.cl\/web\/?p=6281"},"modified":"2019-03-12T13:07:07","modified_gmt":"2019-03-12T16:07:07","slug":"huenchumilla-por-control-de-identidad-no-estoy-disponible-para-darle-mas-facultades-a-carabineros","status":"publish","type":"post","link":"http:\/\/www.primeranota.cl\/web\/pais\/huenchumilla-por-control-de-identidad-no-estoy-disponible-para-darle-mas-facultades-a-carabineros\/","title":{"rendered":"Huenchumilla por control de identidad: \u201cNo estoy disponible para darle m\u00e1s facultades a Carabineros\u201d"},"content":{"rendered":"<p>\u201cPersonalmente, hay una cosa previa que tenemos que resolver como pa\u00eds que es la reorganizaci\u00f3n de Carabineros.\u00a0 No estoy disponible para darle m\u00e1s facultades a Carabineros mientras no hagamos la reorganizaci\u00f3n que esa instituci\u00f3n requiere, porque hoy d\u00eda yo no le creo a Carabineros\u201d, explic\u00f3 el legislador DC.<\/p>\n<p>En el marco del debate sobre el control de identidad para menores de edad, el senador Francisco Huenchumilla se\u00f1al\u00f3 que no le \u201cgustan los controles de identidad en una sociedad libre, por tanto, no creo que el combate de la delincuencia parta por esa medida, porque finalmente eso afecta a la gente m\u00e1s modesta\u201d.<\/p>\n<p>En esa l\u00ednea, el representante de La Araucan\u00eda indic\u00f3 que quiere recuperar a Carabineros \u201cpor el importante rol que juega\u00a0 en la seguridad de los chilenos\u201d.<\/p>\n<p>\u201cEn principio a m\u00ed no me gustan los controles de identidad en una sociedad libre y no creo que el combate de la delincuencia parta por eso, porque finalmente eso afecta a la gente m\u00e1s modesta, la gente m\u00e1s pobre\u201d, afirm\u00f3 Huenchumilla.<\/p>\n<p>Finalmente, el parlamentario agreg\u00f3 que las tecnolog\u00edas espec\u00edficas podr\u00e1n conversarse en su momento, pero el diagn\u00f3stico central es que hay un problema pol\u00edtico.<\/p>\n","protected":false},"excerpt":{"rendered":"<p>\u201cPersonalmente, hay una cosa previa que tenemos que resolver como pa\u00eds que es la reorganizaci\u00f3n de Carabineros.\u00a0 No estoy disponible para darle m\u00e1s facultades a&#8230;<\/p>\n","protected":false},"author":2,"featured_media":3130,"comment_status":"closed","ping_status":"open","sticky":false,"template":"","format":"standard","meta":{"footnotes":""},"categories":[4,267],"tags":[],"_links":{"self":[{"href":"http:\/\/www.primeranota.cl\/web\/wp-json\/wp\/v2\/posts\/6281"}],"collection":[{"href":"http:\/\/www.primeranota.cl\/web\/wp-json\/wp\/v2\/posts"}],"about":[{"href":"http:\/\/www.primeranota.cl\/web\/wp-json\/wp\/v2\/types\/post"}],"author":[{"embeddable":true,"href":"http:\/\/www.primeranota.cl\/web\/wp-json\/wp\/v2\/users\/2"}],"replies":[{"embeddable":true,"href":"http:\/\/www.primeranota.cl\/web\/wp-json\/wp\/v2\/comments?post=6281"}],"version-history":[{"count":1,"href":"http:\/\/www.primeranota.cl\/web\/wp-json\/wp\/v2\/posts\/6281\/revisions"}],"predecessor-version":[{"id":6282,"href":"http:\/\/www.primeranota.cl\/web\/wp-json\/wp\/v2\/posts\/6281\/revisions\/6282"}],"wp:featuredmedia":[{"embeddable":true,"href":"http:\/\/www.primeranota.cl\/web\/wp-json\/wp\/v2\/media\/3130"}],"wp:attachment":[{"href":"http:\/\/www.primeranota.cl\/web\/wp-json\/wp\/v2\/media?parent=6281"}],"wp:term":[{"taxonomy":"category","embeddable":true,"href":"http:\/\/www.primeranota.cl\/web\/wp-json\/wp\/v2\/categories?post=6281"},{"taxonomy":"post_tag","embeddable":true,"href":"http:\/\/www.primeranota.cl\/web\/wp-json\/wp\/v2\/tags?post=6281"}],"curies":[{"name":"wp","href":"https:\/\/api.w.org\/{rel}","templated":true}]}}