{"id":6332,"date":"2019-03-14T08:04:29","date_gmt":"2019-03-14T11:04:29","guid":{"rendered":"http:\/\/www.primeranota.cl\/web\/?p=6332"},"modified":"2019-03-16T09:30:30","modified_gmt":"2019-03-16T12:30:30","slug":"fernando-reyes-parra-la-persona-en-primeranota","status":"publish","type":"post","link":"http:\/\/www.primeranota.cl\/web\/entrevistas\/fernando-reyes-parra-la-persona-en-primeranota\/","title":{"rendered":"Fernando Reyes Parra: La persona en Primeranota"},"content":{"rendered":"<p><em>Nacido y criado en Coelemu en la regi\u00f3n de \u00d1uble, este conocido periodista de televisi\u00f3n y adem\u00e1s docente universitario, es uno de los rostros m\u00e1s familiares de la prensa regional, es de risa f\u00e1cil, desordenado, no se guarda comentario gracioso pero adem\u00e1s es sensible\u00a0 y se emociona cuando recuerda sus or\u00edgenes.<\/em><\/p>\n<p><em>Lleva m\u00e1s de 25 a\u00f1os en TVN red Araucan\u00eda y no quer\u00eda ser periodista. Trabaj\u00f3lico, le importan las buenas intenciones y ser cada d\u00eda una buena persona.<\/em><\/p>\n<p><strong>Bienvenido a Temuco<\/strong><\/p>\n<p>Mi mam\u00e1 conoci\u00f3 Temuco circunstancialmente y decidi\u00f3 venirse, yo estaba en tercero medio prepar\u00e1ndome para salir del colegio con los que hab\u00edan sido mis amigos durante toda mi vida en Coelemu y llego a cuarto medio al Liceo Pablo Neruda de Temuco, al cuarto \u201cO\u201d, fue complejo, yo ven\u00eda de un liceo de pueblo con una exigencia distinta y aterriz\u00f3 en este lugar donde todo era distinto, tuve que trabajar harto, tuve que hacerme amigos por fuerza. Despu\u00e9s, cuando di la P.A.A. no me alcanz\u00f3 el puntaje para periodismo en la Ufro pero ese a\u00f1o se abri\u00f3 la carrera en la UT y mi mam\u00e1 me matricula en ella, sin que yo quisiera estudiarla.<\/p>\n<p>Nos vinimos todos a Temuco, mi mam\u00e1, \u00a0hermana, hermano, abuelita, abuelito, incluso nos trajimos al perro, pero mis abuelos no se acostumbraron y deciden volver a su pueblo con el resto de la familia, solo quedamos ac\u00e1 mi hermano y yo, \u00a0\u00e9l estudiando psicolog\u00eda y yo periodismo.<\/p>\n<p><strong>De sonidista a Marco Antonio Pinto<\/strong><\/p>\n<p>Me gustaba lo que ten\u00eda que ver con el\u00a0 sonido, amplificaba una banda musical, pon\u00eda m\u00fasica en las discos, me encargaba de la amplificaci\u00f3n en los actos p\u00fablicos, era un sonidista en Coelemu, yo quer\u00eda estudiar ingenier\u00eda en sonido en la Austral, pero mi mam\u00e1 fue capaz de entender mejor que yo lo que de verdad necesitaba, ella entendi\u00f3 que lo que me gustaba no era el sonido, sino los micr\u00f3fonos.<\/p>\n<p>Entr\u00e9 a estudiar sin querer ser periodista, no hab\u00eda tenido ninguna relaci\u00f3n con un periodista, hasta que conoc\u00ed a Marco Antonio Pinto y ah\u00ed dije yo quiero ser como \u00e9l y nace mi amor por la carrera, por la escritura, inspirada por la sapiencia de este maestro. Marco Antonio Pinto nos inspiraba con su forma de hablar, con su forma de ser, sus clases, eso hizo que progresivamente yo sintiera respeto y cari\u00f1o por mi carrera.<\/p>\n<p>Me especialic\u00e9 en prensa escrita, de hecho en alguna oportunidad el mismo Marco Antonio Pinto que era el profesor a cargo de la especialidad, reconoci\u00f3 mi capacidad para titular, era muy buen titulador, estando en la universidad tuve la oportunidad de trabajar en el diario \u201cPuente Viejo\u201d que era para Padre Las Casas, o sea todo mi desarrollo\u00a0 profesional estaba orientado al periodismo escrito,\u00a0 yo so\u00f1aba con ser un periodista an\u00f3nimo, as\u00ed como Juan sin Miedo, poder hacer la nota del d\u00eda, la mega nota y firmar como Juan sin Miedo.<\/p>\n<p><strong>\u00bfY la Tele?<\/strong><\/p>\n<p>Estaba lista mi pr\u00e1ctica profesional en el diario La Difusi\u00f3n de Chill\u00e1n, ya hab\u00eda ido a dar las pruebas, hab\u00eda tenido una entrevista con el director del diario, que era un premio nacional de periodismo, quedaba a dos horas de Coelemu, o sea todo era perfecto. En la UT ten\u00edamos como ramo com\u00fan televisi\u00f3n y eso hac\u00eda que todos los alumnos hicieran de periodista, camar\u00f3grafo y productor, entonces en mi grupo dimos la vuelta completa y yo fui el \u00faltimo en hacer la nota como periodista, cuando exhibimos mi nota en el curso, la profesora, que en ese tiempo era la periodista Eugenia Subiabre, ten\u00eda un grupo de alumnos que eran los que se especializaban en televisi\u00f3n y \u00a0dice por m\u00ed \u00a0este es \u201cel periodista revelaci\u00f3n\u201d, yo no lo pod\u00eda creer, todos me empiezan a felicitar y la profesora me dice que tengo que hacer mi practica en TVN , le explico que no pod\u00eda, que ten\u00eda todo listo en otro medio, adem\u00e1s era estar cerca de mi polola, eran un mont\u00f3n de factores, pero ella insiste, me dice que lo piense y le cuento a mi mam\u00e1, por su puesto mi madre me dijo \u201ct\u00fa est\u00e1s loco que te vas a ir a Chill\u00e1n, te quedas en Temuco y haces la practica en TVN\u201d y listo, hice mi pr\u00e1ctica profesional en el canal.<\/p>\n<p><strong>Mi gente: una luchadora, un boxeador y mi compa\u00f1era<\/strong><\/p>\n<p>Soy s\u00faper mam\u00f3n, mi madre, la Se\u00f1ora Patricia Parra es mam\u00e1 y pap\u00e1, ella es comerciante, es una mujer fuerte y luchadora, no tuvo una formaci\u00f3n universitaria, luch\u00f3 sola con tres hijos y eso genera una necesidad de sacarse la cresta y empujar el carro aunque no tangas mucha fuerza, soy el menor y siempre fui mam\u00f3n, absolutamente obediente de mi mamita.<\/p>\n<p>Mi referente paterno fue mi abuelo, \u00e9l fue mi pap\u00e1, \u201cMi papi Enrique\u201d, \u00e9l fue quien me form\u00f3, era un hombre muy entretenido, trabaj\u00f3 en Loza Penco pintando platos, pero demostr\u00f3 que adem\u00e1s ten\u00eda capacidades deportivas, fue boxeador, fue el boxeador oficial de Loza Penco, tuvo muchas y buenas peleas, cuando termina su cerrera como p\u00fagil ya ten\u00eda sus manos destruidas y \u00a0entonces se dedica a ser gasf\u00edter, \u00e9l era un contador de historias nato, era muy entretenido.<\/p>\n<p>Llevo m\u00e1s de 30 a\u00f1os con mi esposa, tuvimos como tres pololeos distintos entre que nos termin\u00e1bamos y volv\u00edamos, el 75% de mi vida lo he pasado con ella, \u201ceso prueba que soy un hombre de mucha paciencia\u201d, (Bromea).<\/p>\n<p><strong>Agradecimiento y orgullo<\/strong><\/p>\n<p>Me siento s\u00faper orgulloso de mi vida profesional y personal, todo lo que ha pasado yo nunca lo proyect\u00e9, me cas\u00e9 a los 21 a\u00f1os ya con un hijo, estaba en la universidad, todo indicaba que me iba a ir muy mal, era razonable que as\u00ed fuera, no ten\u00eda casa, no ten\u00eda ni tele, trabajaba en la TV y no ten\u00eda como verme. Pasamos hartas necesidades, pero se crio mi hijo y hoy es un orgullo, est\u00e1 en quinto a\u00f1o de derecho de la Universidad de Chile, es un hombre sensible, humano, eso es lo que me hace sentir orgulloso, haberle entregado los mismos valores que la vida me regal\u00f3 a m\u00ed, el sentido de la humildad, yo vengo de un entorno humilde de pueblo y eso es muy importante para m\u00ed.<\/p>\n<p>Laboralmente tampoco proyect\u00e9 el \u00e9xito que he tenido, son 25 a\u00f1os que pasaron sin que me diera cuenta, inici\u00e9 como notero y hoy soy el editor m\u00e1s viejo de regiones, siento que \u00a0el balance es bonito. Lo mejor es que la gente me asimila como una persona positiva y eso es lo m\u00e1s importante.<\/p>\n<p>La tele es un medio s\u00faper duro, impersonal, de pocos afectos, contrariamente a lo que soy, yo hablo con el mismo respeto con el primero y \u00a0el \u00faltimo de la fila. La tele tiene un formato donde no se hacen amigos, todos son como mal genio, todos rodeados de glamour, yo hago la pega pero uno debe ser aut\u00e9ntico.<\/p>\n<p><strong>Que nunca se te olvide de d\u00f3nde vienes<\/strong><\/p>\n<p>La vida me ha puesto en una situaci\u00f3n afortunada, ser el editor de uno de los medios m\u00e1s importantes de la regi\u00f3n, lo hago sin volverme loco y asumiendo que soy el mismo que segu\u00eda la noticia del d\u00eda en la radio Chilena \u00d1ielol. Siento que mucha gente me recuerda con afecto porque sigo siendo el mismo, eso me llena de satisfacci\u00f3n.<\/p>\n<p>Yo agradezco a la vida todas las oportunidades que me ha dado, llegu\u00e9 a Temuco sin haber visto un estadio, un cine, un parque, yo no sal\u00eda de Coelemu y cuando sal\u00ed lo hice para venirme a Temuco, aprend\u00ed todo desde ac\u00e1 y desde aqu\u00ed he podido salir pr\u00e1cticamente al mundo, \u201cChile Conectado\u201d me da esa posibilidad y adem\u00e1s me permite \u00a0tocar una fibra especial en los reportajes, es bonito y gratificante cuando puedes hacer una diferencia, cuando haces de coraz\u00f3n tu trabajo.<\/p>\n<p>Nunca le he sacado el cuerpo a la pega, siempre he sido muy trabajador pero tambi\u00e9n vivo sin caretas, me enmarco en lo que dice Gabriel Garc\u00eda M\u00e1rquez \u201cLos buenos periodistas son buenas personas, las malas personas no son buenos periodistas\u201d y yo creo que soy una buena persona, nunca he ido por la vida con malas intenciones, siempre busco generar buena onda, buenos equipos, tratando de aportar.<\/p>\n<p><strong>Proyectando los cuarteles de inverno<\/strong><\/p>\n<p>Espero un segundo tiempo, progresivamente alejarme de la televisi\u00f3n pero seguir comunicando, me gustar\u00eda llegar m\u00e1s temprano a la casa, tener m\u00e1s tiempo para mi gente, no tener que dormir a saltos por si pasa algo y tener que salir corriendo, la pega en prensa te hace distanciarte mucho de los tuyos, por ejemplo, yo voy seis veces al a\u00f1o a Coelemu y estamos a cuatro horas de viaje, o sea deber\u00eda ir doce veces al a\u00f1o, pero para eso debo generar las condiciones, ya llegar\u00e1 el momento de vivir m\u00e1s relajado, siempre pensando en \u00a0buena onda, en ser un aporte a la esperanza, entregar emociones, novedades, sobre todo en una regi\u00f3n que necesita tanto de eso.<\/p>\n","protected":false},"excerpt":{"rendered":"<p>Nacido y criado en Coelemu en la regi\u00f3n de \u00d1uble, este conocido periodista de televisi\u00f3n y adem\u00e1s docente universitario, es uno de los rostros m\u00e1s&#8230;<\/p>\n","protected":false},"author":2,"featured_media":6333,"comment_status":"closed","ping_status":"open","sticky":false,"template":"","format":"standard","meta":{"footnotes":""},"categories":[255,267],"tags":[],"_links":{"self":[{"href":"http:\/\/www.primeranota.cl\/web\/wp-json\/wp\/v2\/posts\/6332"}],"collection":[{"href":"http:\/\/www.primeranota.cl\/web\/wp-json\/wp\/v2\/posts"}],"about":[{"href":"http:\/\/www.primeranota.cl\/web\/wp-json\/wp\/v2\/types\/post"}],"author":[{"embeddable":true,"href":"http:\/\/www.primeranota.cl\/web\/wp-json\/wp\/v2\/users\/2"}],"replies":[{"embeddable":true,"href":"http:\/\/www.primeranota.cl\/web\/wp-json\/wp\/v2\/comments?post=6332"}],"version-history":[{"count":11,"href":"http:\/\/www.primeranota.cl\/web\/wp-json\/wp\/v2\/posts\/6332\/revisions"}],"predecessor-version":[{"id":6345,"href":"http:\/\/www.primeranota.cl\/web\/wp-json\/wp\/v2\/posts\/6332\/revisions\/6345"}],"wp:featuredmedia":[{"embeddable":true,"href":"http:\/\/www.primeranota.cl\/web\/wp-json\/wp\/v2\/media\/6333"}],"wp:attachment":[{"href":"http:\/\/www.primeranota.cl\/web\/wp-json\/wp\/v2\/media?parent=6332"}],"wp:term":[{"taxonomy":"category","embeddable":true,"href":"http:\/\/www.primeranota.cl\/web\/wp-json\/wp\/v2\/categories?post=6332"},{"taxonomy":"post_tag","embeddable":true,"href":"http:\/\/www.primeranota.cl\/web\/wp-json\/wp\/v2\/tags?post=6332"}],"curies":[{"name":"wp","href":"https:\/\/api.w.org\/{rel}","templated":true}]}}