{"id":6348,"date":"2019-03-14T12:53:07","date_gmt":"2019-03-14T15:53:07","guid":{"rendered":"http:\/\/www.primeranota.cl\/web\/?p=6348"},"modified":"2019-03-14T12:53:07","modified_gmt":"2019-03-14T15:53:07","slug":"huenchumilla-valoro-aprobacion-de-proyecto-sobre-tutela-laboral-para-el-sector-publico","status":"publish","type":"post","link":"http:\/\/www.primeranota.cl\/web\/pais\/huenchumilla-valoro-aprobacion-de-proyecto-sobre-tutela-laboral-para-el-sector-publico\/","title":{"rendered":"Huenchumilla valor\u00f3 aprobaci\u00f3n de proyecto sobre tutela laboral para el sector p\u00fablico"},"content":{"rendered":"<p><strong>Con el voto a favor del senador Francisco Huenchumilla se despach\u00f3 de la C\u00e1mara Alta el proyecto que tiene como prop\u00f3sito incorporar a las relaciones laborales del sector p\u00fablico el procedimiento de tutela laboral, permiti\u00e9ndoles a estos trabajadores la legitima defensa de los actos provenientes de dicha relaci\u00f3n y que vulneren sus derechos fundamentales.<\/strong><\/p>\n<p><strong>\u00a0<\/strong><\/p>\n<p>El representante de La Araucan\u00eda record\u00f3 que sistem\u00e1ticamente la Corte Suprema ha comprendido a los trabajadores del sector p\u00fablico en la tutela laboral, sin embargo, el Tribunal Constitucional, en diciembre de 2018, dict\u00f3 un requerimiento de inaplicabilidad por inconstitucionalidad presentado por la Municipalidad de San Miguel respecto del inciso tercero del art\u00edculo 1\u00b0 y del art\u00edculo 485 del C\u00f3digo del Trabajo, aspecto que fue gravitante en la mayor\u00eda de las argumentaciones.<\/p>\n<p>&nbsp;<\/p>\n<p>\u201cTodos los trabajadores queremos tener certezas respecto de nuestros derechos. (\u2026) Aqu\u00ed hay un problema m\u00e1s de fondo (\u2026) significa que los trabajadores del sector p\u00fablico est\u00e1n viendo que un tribunal dice \u201ca\u201d y el otro \u201cb\u201d (\u2026). Nos encontramos con un problema pol\u00edtico\u201d, a\u00f1adi\u00f3 Huenchumilla.<\/p>\n","protected":false},"excerpt":{"rendered":"<p>Con el voto a favor del senador Francisco Huenchumilla se despach\u00f3 de la C\u00e1mara Alta el proyecto que tiene como prop\u00f3sito incorporar a las relaciones&#8230;<\/p>\n","protected":false},"author":2,"featured_media":1363,"comment_status":"closed","ping_status":"open","sticky":false,"template":"","format":"standard","meta":{"footnotes":""},"categories":[4,267],"tags":[],"_links":{"self":[{"href":"http:\/\/www.primeranota.cl\/web\/wp-json\/wp\/v2\/posts\/6348"}],"collection":[{"href":"http:\/\/www.primeranota.cl\/web\/wp-json\/wp\/v2\/posts"}],"about":[{"href":"http:\/\/www.primeranota.cl\/web\/wp-json\/wp\/v2\/types\/post"}],"author":[{"embeddable":true,"href":"http:\/\/www.primeranota.cl\/web\/wp-json\/wp\/v2\/users\/2"}],"replies":[{"embeddable":true,"href":"http:\/\/www.primeranota.cl\/web\/wp-json\/wp\/v2\/comments?post=6348"}],"version-history":[{"count":1,"href":"http:\/\/www.primeranota.cl\/web\/wp-json\/wp\/v2\/posts\/6348\/revisions"}],"predecessor-version":[{"id":6349,"href":"http:\/\/www.primeranota.cl\/web\/wp-json\/wp\/v2\/posts\/6348\/revisions\/6349"}],"wp:featuredmedia":[{"embeddable":true,"href":"http:\/\/www.primeranota.cl\/web\/wp-json\/wp\/v2\/media\/1363"}],"wp:attachment":[{"href":"http:\/\/www.primeranota.cl\/web\/wp-json\/wp\/v2\/media?parent=6348"}],"wp:term":[{"taxonomy":"category","embeddable":true,"href":"http:\/\/www.primeranota.cl\/web\/wp-json\/wp\/v2\/categories?post=6348"},{"taxonomy":"post_tag","embeddable":true,"href":"http:\/\/www.primeranota.cl\/web\/wp-json\/wp\/v2\/tags?post=6348"}],"curies":[{"name":"wp","href":"https:\/\/api.w.org\/{rel}","templated":true}]}}