{"id":6378,"date":"2019-03-16T08:56:56","date_gmt":"2019-03-16T11:56:56","guid":{"rendered":"http:\/\/www.primeranota.cl\/web\/?p=6378"},"modified":"2019-03-16T08:57:12","modified_gmt":"2019-03-16T11:57:12","slug":"2-mil-500-millones-entregara-gobierno-en-su-primer-decreto-a-tvn","status":"publish","type":"post","link":"http:\/\/www.primeranota.cl\/web\/pais\/2-mil-500-millones-entregara-gobierno-en-su-primer-decreto-a-tvn\/","title":{"rendered":"$2 mil 500 millones entregar\u00e1 Gobierno en su primer decreto a TVN"},"content":{"rendered":"<p>La pr\u00f3xima semana comenzar\u00e1 su capitalizaci\u00f3n.<\/p>\n<p>De acuerdo a informaci\u00f3n de La Tercera, el Ejecutivo le entregar\u00e1 al canal $2 mil 500 millones para empezar a superar su crisis financiera.<\/p>\n<p>Para la estaci\u00f3n estatal, la inyecci\u00f3n de recursos se har\u00e1 en distintos per\u00edodos, aunque a\u00fan no se han definido los montos.<\/p>\n<p>El pasado mi\u00e9rcoles, y de forma un\u00e1nime, TVN nombr\u00f3 a Francisco Guij\u00f3n como su nuevo director ejecutivo.<\/p>\n<p>Vale recordar que, en noviembre de 2017, se aprob\u00f3 un proyecto de US$ 47 millones como presupuesto para TVN, con Hacienda dando la luz verde a US$ 22,3 millones en octubre de 2018.<\/p>\n","protected":false},"excerpt":{"rendered":"<p>La pr\u00f3xima semana comenzar\u00e1 su capitalizaci\u00f3n. De acuerdo a informaci\u00f3n de La Tercera, el Ejecutivo le entregar\u00e1 al canal $2 mil 500 millones para empezar&#8230;<\/p>\n","protected":false},"author":2,"featured_media":3631,"comment_status":"closed","ping_status":"open","sticky":false,"template":"","format":"standard","meta":{"footnotes":""},"categories":[4,267],"tags":[],"_links":{"self":[{"href":"http:\/\/www.primeranota.cl\/web\/wp-json\/wp\/v2\/posts\/6378"}],"collection":[{"href":"http:\/\/www.primeranota.cl\/web\/wp-json\/wp\/v2\/posts"}],"about":[{"href":"http:\/\/www.primeranota.cl\/web\/wp-json\/wp\/v2\/types\/post"}],"author":[{"embeddable":true,"href":"http:\/\/www.primeranota.cl\/web\/wp-json\/wp\/v2\/users\/2"}],"replies":[{"embeddable":true,"href":"http:\/\/www.primeranota.cl\/web\/wp-json\/wp\/v2\/comments?post=6378"}],"version-history":[{"count":2,"href":"http:\/\/www.primeranota.cl\/web\/wp-json\/wp\/v2\/posts\/6378\/revisions"}],"predecessor-version":[{"id":6380,"href":"http:\/\/www.primeranota.cl\/web\/wp-json\/wp\/v2\/posts\/6378\/revisions\/6380"}],"wp:featuredmedia":[{"embeddable":true,"href":"http:\/\/www.primeranota.cl\/web\/wp-json\/wp\/v2\/media\/3631"}],"wp:attachment":[{"href":"http:\/\/www.primeranota.cl\/web\/wp-json\/wp\/v2\/media?parent=6378"}],"wp:term":[{"taxonomy":"category","embeddable":true,"href":"http:\/\/www.primeranota.cl\/web\/wp-json\/wp\/v2\/categories?post=6378"},{"taxonomy":"post_tag","embeddable":true,"href":"http:\/\/www.primeranota.cl\/web\/wp-json\/wp\/v2\/tags?post=6378"}],"curies":[{"name":"wp","href":"https:\/\/api.w.org\/{rel}","templated":true}]}}