{"id":6520,"date":"2019-03-22T08:02:24","date_gmt":"2019-03-22T11:02:24","guid":{"rendered":"http:\/\/www.primeranota.cl\/web\/?p=6520"},"modified":"2019-03-22T08:02:24","modified_gmt":"2019-03-22T11:02:24","slug":"carmen-gloria-quintana-tras-condenas-en-caso-quemados-los-militares-aun-se-mandan-solos","status":"publish","type":"post","link":"http:\/\/www.primeranota.cl\/web\/pais\/carmen-gloria-quintana-tras-condenas-en-caso-quemados-los-militares-aun-se-mandan-solos\/","title":{"rendered":"Carmen Gloria Quintana tras condenas en Caso Quemados: \u201cLos militares a\u00fan se mandan solos\u201c"},"content":{"rendered":"<p>La sobreviviente del ataque ocurrido en 1986 considera que las penas a los responsables fueron bajas &#8220;considerando el horror de lo que cometieron&#8221;. Adem\u00e1s, apunt\u00f3 contra los partidos pol\u00edticos, a los que acus\u00f3 de tener responsabilidad por el negacionismo, los pactos de impunidad y de silencio que &#8220;toleran en las Fuerzas Armadas&#8221;.<br \/>\nHubo fallo y hubo condenas. El ministro en visita, Mario Carroza, conden\u00f3 11 ex militares por su responsabilidad en el denominado Caso Quemados.<br \/>\nJulio Casta\u00f1er Gonz\u00e1lez, Iv\u00e1n Figueroa Canobra y Nelson Medina G\u00e1lvez recibieron una pena de 10 a\u00f1os y un d\u00eda de presidio como autores del homicidio calificado de Rodrigo Rojas de Negri y del homicidio frustrado contra Carmen Gloria Quintana.<br \/>\nLos restantes ocho ex uniformados fueron sentenciados a tres a\u00f1os y un d\u00eda, con el beneficio de libertad vigilada, como c\u00f3mplices de estos cr\u00edmenes.<br \/>\nTras ello, Quintana redact\u00f3 una dura carta en la que apunt\u00f3 contras los militares, a la responsabilidad que -sostiene- todav\u00eda pesa sobre los partidos pol\u00edticos y pidi\u00f3 mayor agilidad a los jueces para acelerar los juicios en materia de violaciones a los Derechos Humanos ocurridos durante la dictadura.<\/p>\n","protected":false},"excerpt":{"rendered":"<p>La sobreviviente del ataque ocurrido en 1986 considera que las penas a los responsables fueron bajas &#8220;considerando el horror de lo que cometieron&#8221;. Adem\u00e1s, apunt\u00f3&#8230;<\/p>\n","protected":false},"author":2,"featured_media":6521,"comment_status":"closed","ping_status":"open","sticky":false,"template":"","format":"standard","meta":{"footnotes":""},"categories":[4,267],"tags":[],"_links":{"self":[{"href":"http:\/\/www.primeranota.cl\/web\/wp-json\/wp\/v2\/posts\/6520"}],"collection":[{"href":"http:\/\/www.primeranota.cl\/web\/wp-json\/wp\/v2\/posts"}],"about":[{"href":"http:\/\/www.primeranota.cl\/web\/wp-json\/wp\/v2\/types\/post"}],"author":[{"embeddable":true,"href":"http:\/\/www.primeranota.cl\/web\/wp-json\/wp\/v2\/users\/2"}],"replies":[{"embeddable":true,"href":"http:\/\/www.primeranota.cl\/web\/wp-json\/wp\/v2\/comments?post=6520"}],"version-history":[{"count":1,"href":"http:\/\/www.primeranota.cl\/web\/wp-json\/wp\/v2\/posts\/6520\/revisions"}],"predecessor-version":[{"id":6522,"href":"http:\/\/www.primeranota.cl\/web\/wp-json\/wp\/v2\/posts\/6520\/revisions\/6522"}],"wp:featuredmedia":[{"embeddable":true,"href":"http:\/\/www.primeranota.cl\/web\/wp-json\/wp\/v2\/media\/6521"}],"wp:attachment":[{"href":"http:\/\/www.primeranota.cl\/web\/wp-json\/wp\/v2\/media?parent=6520"}],"wp:term":[{"taxonomy":"category","embeddable":true,"href":"http:\/\/www.primeranota.cl\/web\/wp-json\/wp\/v2\/categories?post=6520"},{"taxonomy":"post_tag","embeddable":true,"href":"http:\/\/www.primeranota.cl\/web\/wp-json\/wp\/v2\/tags?post=6520"}],"curies":[{"name":"wp","href":"https:\/\/api.w.org\/{rel}","templated":true}]}}