{"id":6707,"date":"2019-04-01T07:59:01","date_gmt":"2019-04-01T10:59:01","guid":{"rendered":"http:\/\/www.primeranota.cl\/web\/?p=6707"},"modified":"2019-04-01T07:59:01","modified_gmt":"2019-04-01T10:59:01","slug":"udi-pide-renuncia-de-contralor-y-estudia-acusacion-constitucional","status":"publish","type":"post","link":"http:\/\/www.primeranota.cl\/web\/pais\/udi-pide-renuncia-de-contralor-y-estudia-acusacion-constitucional\/","title":{"rendered":"UDI pide renuncia de contralor y estudia acusaci\u00f3n constitucional"},"content":{"rendered":"<p>La UDI anticip\u00f3 que estudia presentar una acusaci\u00f3n constitucional contra el contralor general de la Rep\u00fablica, Jorge Berm\u00fadez, luego que un reportaje diera cuenta que funcionarios de sus unidades regionales no utilizaban una \u00fanica forma para calcular el d\u00e9ficit contable en las municipalidades.<br \/>\nDe acuerdo con la publicaci\u00f3n de La Tercera el pasado fin de semana, los d\u00e9ficits establecidos pueden resultar distintos seg\u00fan la f\u00f3rmula aplicada, y que, en varios casos, no estaban apegados a la ley org\u00e1nica de municipalidades en relaci\u00f3n a las instrucciones sobre la Contabilidad General de la Naci\u00f3n y los dict\u00e1menes que la propia Contralor\u00eda hab\u00eda emitido.<br \/>\nAnte esto, la presidenta de la UDI, Jacqueline Van Rysselberghe, consider\u00f3 que se trata de &#8220;una situaci\u00f3n demasiado grave, porque las acciones del contralor generan un da\u00f1o pol\u00edtico feroz y es a\u00fan m\u00e1s grave el que haya ocultado esta informaci\u00f3n, hace m\u00e1s de un mes&#8221;, por lo que -asegur\u00f3- &#8220;debe dar un paso al costado&#8221;.<br \/>\n&#8220;El contralor Jorge Berm\u00fadez debe renunciar y si no lo hace, nosotros vamos a estudiar una acusaci\u00f3n constitucional en su contra por notable abandono de deberes&#8221;, advirti\u00f3, consign\u00f3 este lunes el matutino.<br \/>\nEl diputado gremialistas Renzo Trisotti, integrante de la Comisi\u00f3n de Gobierno Interior de la C\u00e1mara, adelant\u00f3 que citar\u00e1 a Berm\u00fadez para que explique la situaci\u00f3n.<br \/>\nEn tanto, para el timonel de RN, Mario Desbordes, &#8220;lo prudente es esperar que el contralor explique con detalle qu\u00e9 ocurri\u00f3 antes de anunciar acciones de cualquier tipo. Es clave para saber, por ejemplo, si el d\u00e9ficit en Vi\u00f1a del Mar es de 17 mil millones o estamos hablando de 3 mil millones o tal vez no es tal&#8221;.<br \/>\nEl alcalde de La Florida, Rodolfo Carter, a cuya administraci\u00f3n una auditor\u00eda de la Contralor\u00eda le atribuy\u00f3 un d\u00e9ficit de 20 mil millones de pesos, que desemboc\u00f3 en un caso judicial y en que el Tricel lo suspendiera de sus funciones por un mes, acus\u00f3 que su alcald\u00eda ha sido &#8220;v\u00edctima de una canallada jur\u00eddica y comunicacional&#8221;.<br \/>\nTras el reportaje de La Tercera, la Contralor\u00eda emiti\u00f3 un comunicado defendiendo que &#8220;elevar los est\u00e1ndares de la Contralor\u00eda para una mejor fiscalizaci\u00f3n ha sido uno de los ejes de trabajo del Contralor Berm\u00fadez, quien estableci\u00f3 como una pol\u00edtica interna, la b\u00fasqueda constante de las mejores f\u00f3rmulas posibles para ejecutar auditor\u00edas m\u00e1s precisas&#8221;.<\/p>\n","protected":false},"excerpt":{"rendered":"<p>La UDI anticip\u00f3 que estudia presentar una acusaci\u00f3n constitucional contra el contralor general de la Rep\u00fablica, Jorge Berm\u00fadez, luego que un reportaje diera cuenta que&#8230;<\/p>\n","protected":false},"author":2,"featured_media":4581,"comment_status":"closed","ping_status":"open","sticky":false,"template":"","format":"standard","meta":{"footnotes":""},"categories":[4,267],"tags":[],"_links":{"self":[{"href":"http:\/\/www.primeranota.cl\/web\/wp-json\/wp\/v2\/posts\/6707"}],"collection":[{"href":"http:\/\/www.primeranota.cl\/web\/wp-json\/wp\/v2\/posts"}],"about":[{"href":"http:\/\/www.primeranota.cl\/web\/wp-json\/wp\/v2\/types\/post"}],"author":[{"embeddable":true,"href":"http:\/\/www.primeranota.cl\/web\/wp-json\/wp\/v2\/users\/2"}],"replies":[{"embeddable":true,"href":"http:\/\/www.primeranota.cl\/web\/wp-json\/wp\/v2\/comments?post=6707"}],"version-history":[{"count":1,"href":"http:\/\/www.primeranota.cl\/web\/wp-json\/wp\/v2\/posts\/6707\/revisions"}],"predecessor-version":[{"id":6708,"href":"http:\/\/www.primeranota.cl\/web\/wp-json\/wp\/v2\/posts\/6707\/revisions\/6708"}],"wp:featuredmedia":[{"embeddable":true,"href":"http:\/\/www.primeranota.cl\/web\/wp-json\/wp\/v2\/media\/4581"}],"wp:attachment":[{"href":"http:\/\/www.primeranota.cl\/web\/wp-json\/wp\/v2\/media?parent=6707"}],"wp:term":[{"taxonomy":"category","embeddable":true,"href":"http:\/\/www.primeranota.cl\/web\/wp-json\/wp\/v2\/categories?post=6707"},{"taxonomy":"post_tag","embeddable":true,"href":"http:\/\/www.primeranota.cl\/web\/wp-json\/wp\/v2\/tags?post=6707"}],"curies":[{"name":"wp","href":"https:\/\/api.w.org\/{rel}","templated":true}]}}