{"id":6748,"date":"2019-04-02T14:54:51","date_gmt":"2019-04-02T17:54:51","guid":{"rendered":"http:\/\/www.primeranota.cl\/web\/?p=6748"},"modified":"2019-04-02T14:54:51","modified_gmt":"2019-04-02T17:54:51","slug":"presidente-del-senado-firma-convenio-con-el-consejo-para-la-transparencia","status":"publish","type":"post","link":"http:\/\/www.primeranota.cl\/web\/pais\/presidente-del-senado-firma-convenio-con-el-consejo-para-la-transparencia\/","title":{"rendered":"Presidente del Senado firma convenio con el Consejo para la Transparencia"},"content":{"rendered":"<p>Con la asistencia de las m\u00e1ximas autoridades del Senado de la Rep\u00fablica, parlamentarios, militares y civiles, se firm\u00f3 un acuerdo de colaboraci\u00f3n entre la C\u00e1mara Alta y el Consejo para la Transparencia, que marca el inicio de una l\u00ednea de trabajo entre ambas entidades para la implementaci\u00f3n de pr\u00e1cticas y procedimientos pro transparencia, de modo de implementar est\u00e1ndares nacionales que tambi\u00e9n han recibido reconocimiento internacional en la materia. <\/p>\n<p>Convenio<\/p>\n<p>Tras la ceremonia, el presidente del Senado, Jaime Quintana, agradeci\u00f3 al CPLT la recepci\u00f3n a la iniciativa de la actual mesa del Senado y a las distintas comisiones que respaldaron la propuesta.<\/p>\n<p>\u201cComo lo hemos se\u00f1alado, a poco m\u00e1s de 10 a\u00f1os de la promulgaci\u00f3n de la ley de transparencia, el Senado est\u00e1 dando un paso fundamental, y por eso quiero agradecer al presidente del Consejo para la Transparencia, Marcelo Drago, pero tambi\u00e9n a los distintos comit\u00e9s del Senado; todos respaldaron esta propuesta en car\u00e1cter de urgente que hizo la nueva mesa del Senado\u201d, dijo el presidente de la C\u00e1mara Alta. <\/p>\n<p>Elevar los est\u00e1ndares<\/p>\n<p>En la misma l\u00ednea, el parlamentario de La Araucan\u00eda, enfatiz\u00f3 en elevar los est\u00e1ndares actuales, asegurando que \u201cse ha trabajado, pero a\u00fan queda mucho por construir\u201d.<\/p>\n<p>\u201cLos est\u00e1ndares hay que elevarlos, que es lo que ha hecho el Consejo e Instituciones como el Senado, que son fundamentales para el fortalecimiento de la democracia. La transparencia tiene que permitir el acceso pleno a la informaci\u00f3n de esta Corporaci\u00f3n y as\u00ed lo hemos entendido, por eso estamos suscribiendo este convenio\u201d, dijo Jaime Quintana.<\/p>\n<p>En tanto el titular de Transparencia, Marcelo Drago, subray\u00f3 la positiva se\u00f1al que se materializa en esta colaboraci\u00f3n dado que \u201ces un poder del Estado que hoy tiene autonom\u00eda para definir sus est\u00e1ndares y nos pide colaborar voluntariamente para mejorar esos est\u00e1ndares, creo que es positivo y una buena se\u00f1al a toda la institucionalidad del Estado\u201d.<\/p>\n<p>Propuesta de trabajo<\/p>\n<p>Respecto del detalle del convenio, Drago plante\u00f3 que parte de la propuesta de trabajo apunta a establecer est\u00e1ndares uniformes en materia de publicaci\u00f3n de registros de la Ley del Lobby, as\u00ed como en la forma de disponibilizar informaci\u00f3n de acceso p\u00fablico a trav\u00e9s del sitio web de la entidad (Transparencia Activa) de acuerdo a pr\u00e1cticas que se aplican a todo el sector p\u00fablico. Asimismo, se trabajar\u00e1 en t\u00e9rminos de jurisprudencia en disputas sobre la materia, entre otras acciones.<\/p>\n<p>Por su parte, el presidente del Senado, explic\u00f3 que este convenio firmado \u201ces un acuerdo de buenas pr\u00e1cticas, para mejorar procedimientos, para capacitar personas, y sobre todo, para que los chilenos y chilenas puedan acceder de manera expedita a la informaci\u00f3n y decisiones que se adoptan en el Congreso Nacional, especialmente en el Senado\u201d.<\/p>\n<p>\u201cEsto implica hacernos cargo en materia de transparencia activa y pasiva, hacernos cargo de modificar los est\u00e1ndares de c\u00f3mo est\u00e1n en materia de ley lobby, que es fundamental, por lo tanto, transparentar estos procesos y al mismo tiempo capacitar al personal de la instituci\u00f3n, es esencial para irnos adecuando a los nuevos est\u00e1ndares que son m\u00e1s elevados que en el pasado y es as\u00ed como debe ser\u201d, sentenci\u00f3 Jaime Quintana.<\/p>\n","protected":false},"excerpt":{"rendered":"<p>Con la asistencia de las m\u00e1ximas autoridades del Senado de la Rep\u00fablica, parlamentarios, militares y civiles, se firm\u00f3 un acuerdo de colaboraci\u00f3n entre la C\u00e1mara&#8230;<\/p>\n","protected":false},"author":2,"featured_media":6749,"comment_status":"closed","ping_status":"open","sticky":false,"template":"","format":"standard","meta":{"footnotes":""},"categories":[4,267],"tags":[],"_links":{"self":[{"href":"http:\/\/www.primeranota.cl\/web\/wp-json\/wp\/v2\/posts\/6748"}],"collection":[{"href":"http:\/\/www.primeranota.cl\/web\/wp-json\/wp\/v2\/posts"}],"about":[{"href":"http:\/\/www.primeranota.cl\/web\/wp-json\/wp\/v2\/types\/post"}],"author":[{"embeddable":true,"href":"http:\/\/www.primeranota.cl\/web\/wp-json\/wp\/v2\/users\/2"}],"replies":[{"embeddable":true,"href":"http:\/\/www.primeranota.cl\/web\/wp-json\/wp\/v2\/comments?post=6748"}],"version-history":[{"count":1,"href":"http:\/\/www.primeranota.cl\/web\/wp-json\/wp\/v2\/posts\/6748\/revisions"}],"predecessor-version":[{"id":6750,"href":"http:\/\/www.primeranota.cl\/web\/wp-json\/wp\/v2\/posts\/6748\/revisions\/6750"}],"wp:featuredmedia":[{"embeddable":true,"href":"http:\/\/www.primeranota.cl\/web\/wp-json\/wp\/v2\/media\/6749"}],"wp:attachment":[{"href":"http:\/\/www.primeranota.cl\/web\/wp-json\/wp\/v2\/media?parent=6748"}],"wp:term":[{"taxonomy":"category","embeddable":true,"href":"http:\/\/www.primeranota.cl\/web\/wp-json\/wp\/v2\/categories?post=6748"},{"taxonomy":"post_tag","embeddable":true,"href":"http:\/\/www.primeranota.cl\/web\/wp-json\/wp\/v2\/tags?post=6748"}],"curies":[{"name":"wp","href":"https:\/\/api.w.org\/{rel}","templated":true}]}}