{"id":6766,"date":"2019-04-03T12:57:53","date_gmt":"2019-04-03T15:57:53","guid":{"rendered":"http:\/\/www.primeranota.cl\/web\/?p=6766"},"modified":"2019-04-03T12:57:53","modified_gmt":"2019-04-03T15:57:53","slug":"lonquimay-alcalde-manifiesta-su-preocupacion-por-la-falta-de-conservacion-de-caminos-durante-este-invierno","status":"publish","type":"post","link":"http:\/\/www.primeranota.cl\/web\/region\/lonquimay-alcalde-manifiesta-su-preocupacion-por-la-falta-de-conservacion-de-caminos-durante-este-invierno\/","title":{"rendered":"Lonquimay : Alcalde manifiesta su preocupaci\u00f3n por la falta de conservaci\u00f3n de caminos durante este invierno"},"content":{"rendered":"<p>En el marco del lanzamiento del Plan Invierno, en el paso Pino Hachado, actividad que cont\u00f3 con la presencia de autoridades provinciales, el alcalde de Lonquimay, Nibaldo Alegr\u00eda manifest\u00f3 su preocupaci\u00f3n por la ausencia de contratos, que permitan contar durante el periodo de invierno con cobertura del plan de conservaci\u00f3n de caminos.<br \/>\nLonquimay, es la comuna de mayor extensi\u00f3n territorial de la regi\u00f3n y por lo mismo cuenta con la red caminera m\u00e1s grande, a esto se suman las especiales condiciones clim\u00e1ticas, lo que hace que el mantenimiento de caminos sea fundamental para evita el aislamiento de los habitantes de los sectores rurales. El alcalde Alegr\u00eda se\u00f1al\u00f3, \u201cestoy gestionando una reuni\u00f3n con las autoridades regionales del Mop y de Vialidad, porque hasta el momento no tendr\u00edamos cobertura total de la empresa de conservaci\u00f3n global, dejando una cantidad importante de kil\u00f3metros de caminos sin conservaci\u00f3n\u201d.<br \/>\nEl alcalde, se\u00f1al\u00f3 adem\u00e1s que espera que prontamente se realice el consejo de emergencia comunal, instancia de planificaci\u00f3n a la que invitaran a las autoridades regionales y provinciales con el fin de prepararse para hacer frente al invierno y buscar una soluci\u00f3n espec\u00edfica a la mantenci\u00f3n de caminos en la comuna cordillerana.<\/p>\n","protected":false},"excerpt":{"rendered":"<p>En el marco del lanzamiento del Plan Invierno, en el paso Pino Hachado, actividad que cont\u00f3 con la presencia de autoridades provinciales, el alcalde de&#8230;<\/p>\n","protected":false},"author":2,"featured_media":6767,"comment_status":"closed","ping_status":"open","sticky":false,"template":"","format":"standard","meta":{"footnotes":""},"categories":[267,3],"tags":[],"_links":{"self":[{"href":"http:\/\/www.primeranota.cl\/web\/wp-json\/wp\/v2\/posts\/6766"}],"collection":[{"href":"http:\/\/www.primeranota.cl\/web\/wp-json\/wp\/v2\/posts"}],"about":[{"href":"http:\/\/www.primeranota.cl\/web\/wp-json\/wp\/v2\/types\/post"}],"author":[{"embeddable":true,"href":"http:\/\/www.primeranota.cl\/web\/wp-json\/wp\/v2\/users\/2"}],"replies":[{"embeddable":true,"href":"http:\/\/www.primeranota.cl\/web\/wp-json\/wp\/v2\/comments?post=6766"}],"version-history":[{"count":1,"href":"http:\/\/www.primeranota.cl\/web\/wp-json\/wp\/v2\/posts\/6766\/revisions"}],"predecessor-version":[{"id":6768,"href":"http:\/\/www.primeranota.cl\/web\/wp-json\/wp\/v2\/posts\/6766\/revisions\/6768"}],"wp:featuredmedia":[{"embeddable":true,"href":"http:\/\/www.primeranota.cl\/web\/wp-json\/wp\/v2\/media\/6767"}],"wp:attachment":[{"href":"http:\/\/www.primeranota.cl\/web\/wp-json\/wp\/v2\/media?parent=6766"}],"wp:term":[{"taxonomy":"category","embeddable":true,"href":"http:\/\/www.primeranota.cl\/web\/wp-json\/wp\/v2\/categories?post=6766"},{"taxonomy":"post_tag","embeddable":true,"href":"http:\/\/www.primeranota.cl\/web\/wp-json\/wp\/v2\/tags?post=6766"}],"curies":[{"name":"wp","href":"https:\/\/api.w.org\/{rel}","templated":true}]}}