{"id":6801,"date":"2019-04-05T08:03:54","date_gmt":"2019-04-05T11:03:54","guid":{"rendered":"http:\/\/www.primeranota.cl\/web\/?p=6801"},"modified":"2019-04-05T13:49:15","modified_gmt":"2019-04-05T16:49:15","slug":"eduardo-frei-acompanara-al-presidente-pinera-en-su-gira-por-asia","status":"publish","type":"post","link":"http:\/\/www.primeranota.cl\/web\/pais\/eduardo-frei-acompanara-al-presidente-pinera-en-su-gira-por-asia\/","title":{"rendered":"Eduardo Frei acompa\u00f1ar\u00e1 al Presidente Pi\u00f1era en su gira por Asia"},"content":{"rendered":"<p>El exmandatario Eduardo Frei Ruiz-Tagle acompa\u00f1ar\u00e1 al Presidente Sebasti\u00e1n Pi\u00f1era en sus visitas de Estado a China y Corea del Sur, gira que se extender\u00e1 desde el 22 hasta el 29 de abril.<br \/>\nPor medio de un comunicado, la Presidencia inform\u00f3 que el exgobernante DC fue invitado como parte de la delegaci\u00f3n oficial en su calidad de actual embajador en misi\u00f3n especial para el Asia Pac\u00edfico.<br \/>\nCabe recordar que el Jefe de Estado recibi\u00f3 invitaciones del presidente chino, Xi Jinping, y del presidente coreano, Moon Jae-In, \u201ccon quienes ha compartido en distintas instancias en los \u00faltimos meses, como APEC en Pap\u00faa Nueva Guinea y el G20 en Argentina\u201d.<br \/>\nAdem\u00e1s de Frei, tambi\u00e9n fueron invitados como parte de la delegaci\u00f3n oficial el presidente del Senado, Jaime Quintana, el presidente de la C\u00e1mara de Diputados, Iv\u00e1n Flores, la senadora Ena Von Baer (UDI) y los diputados Alejandro Santana (RN), Francisco Undurraga (Ev\u00f3poli) y Javier Macaya (UDI).<\/p>\n","protected":false},"excerpt":{"rendered":"<p>El exmandatario Eduardo Frei Ruiz-Tagle acompa\u00f1ar\u00e1 al Presidente Sebasti\u00e1n Pi\u00f1era en sus visitas de Estado a China y Corea del Sur, gira que se extender\u00e1&#8230;<\/p>\n","protected":false},"author":2,"featured_media":1387,"comment_status":"closed","ping_status":"open","sticky":false,"template":"","format":"standard","meta":{"footnotes":""},"categories":[4,267],"tags":[],"_links":{"self":[{"href":"http:\/\/www.primeranota.cl\/web\/wp-json\/wp\/v2\/posts\/6801"}],"collection":[{"href":"http:\/\/www.primeranota.cl\/web\/wp-json\/wp\/v2\/posts"}],"about":[{"href":"http:\/\/www.primeranota.cl\/web\/wp-json\/wp\/v2\/types\/post"}],"author":[{"embeddable":true,"href":"http:\/\/www.primeranota.cl\/web\/wp-json\/wp\/v2\/users\/2"}],"replies":[{"embeddable":true,"href":"http:\/\/www.primeranota.cl\/web\/wp-json\/wp\/v2\/comments?post=6801"}],"version-history":[{"count":1,"href":"http:\/\/www.primeranota.cl\/web\/wp-json\/wp\/v2\/posts\/6801\/revisions"}],"predecessor-version":[{"id":6802,"href":"http:\/\/www.primeranota.cl\/web\/wp-json\/wp\/v2\/posts\/6801\/revisions\/6802"}],"wp:featuredmedia":[{"embeddable":true,"href":"http:\/\/www.primeranota.cl\/web\/wp-json\/wp\/v2\/media\/1387"}],"wp:attachment":[{"href":"http:\/\/www.primeranota.cl\/web\/wp-json\/wp\/v2\/media?parent=6801"}],"wp:term":[{"taxonomy":"category","embeddable":true,"href":"http:\/\/www.primeranota.cl\/web\/wp-json\/wp\/v2\/categories?post=6801"},{"taxonomy":"post_tag","embeddable":true,"href":"http:\/\/www.primeranota.cl\/web\/wp-json\/wp\/v2\/tags?post=6801"}],"curies":[{"name":"wp","href":"https:\/\/api.w.org\/{rel}","templated":true}]}}