{"id":6808,"date":"2019-04-05T08:19:25","date_gmt":"2019-04-05T11:19:25","guid":{"rendered":"http:\/\/www.primeranota.cl\/web\/?p=6808"},"modified":"2019-04-05T08:19:25","modified_gmt":"2019-04-05T11:19:25","slug":"scicluna-asegura-que-su-informe-no-sera-entregado-a-la-fiscalia","status":"publish","type":"post","link":"http:\/\/www.primeranota.cl\/web\/pais\/scicluna-asegura-que-su-informe-no-sera-entregado-a-la-fiscalia\/","title":{"rendered":"Scicluna asegura que su informe no ser\u00e1 entregado a la fiscal\u00eda"},"content":{"rendered":"<p>El secretario adjunto de la Congregaci\u00f3n para la Doctrina de la Fe (CDF) agreg\u00f3 que \u201csin perjuicio de lo anterior, animo a todas las personas que as\u00ed lo deseen a que entreguen sus antecedentes a la justicia chilena\u201d.<br \/>\nHace poco m\u00e1s de un a\u00f1o, en febrero de 2018, el prelado viaj\u00f3 a Chile junto al sacerdote espa\u00f1ol Jordi Bertomeu, para recopilar informaci\u00f3n sobre el exobispo de Osorno Juan Barros, luego de la defensa que el mismo Papa Francisco hizo en su favor durante su visita a Chile. Cuatro meses despu\u00e9s, Scicluna regres\u00f3 con el fin de reconstruir las confianzas con la Iglesia chilena, a la vez que recogi\u00f3 64 testimonios que se plasmaron en el conocido informe, que tiene m\u00e1s de 2.300 p\u00e1ginas.<br \/>\nRespecto de las solicitudes realizadas por la fiscal\u00eda, manifest\u00f3 que existe la disponibilidad para colaborar, \u201cpero la cosa que yo siempre he dicho a todas las fiscal\u00edas, no solo a la de Chile, es que los requerimientos que hagan sean puntuales, tramitados a trav\u00e9s de los canales espec\u00edficos y con la formalidad correspondiente\u201d.<br \/>\nSobre la situaci\u00f3n eclesial del pa\u00eds, Scicluna se\u00f1al\u00f3 que \u201cdeseo lo mejor a Celestino A\u00f3s en su nueva misi\u00f3n\u201d y aprovech\u00f3 de \u201cdarle las gracias al pueblo chileno por la acogida que me dio cuando yo estuve en Chile\u201d. Tambi\u00e9n envi\u00f3 un mensaje al episcopado: \u201cTengo que confesar que, en los \u00faltimos meses, que han sido bastante dif\u00edciles, vi desarrollos positivos en la Conferencia Episcopal de Chile, lo que para m\u00ed es un signo de gran apertura para que se haga justicia a las v\u00edctimas\u201d.<br \/>\nSi bien no existe una cifra global respecto del total de casos que han llegado a la CDF, el arzobispo explic\u00f3 que la mayor\u00eda de las v\u00edctimas son de sexo masculino y de pa\u00edses de lengua espa\u00f1ola. Agreg\u00f3 que en estos \u00faltimos a\u00f1os \u201chubo muchos casos provenientes de Chile\u201d.<br \/>\nConsultado por los cambios implementados por el Pont\u00edfice en el pa\u00eds y si los ha considerado lentos, respondi\u00f3 que \u201cyo no estoy en condiciones de dar un parecer sobre eso. S\u00e9 que la situaci\u00f3n la gestiona directamente el Santo Padre con la ayuda de la Congregaci\u00f3n de los Obispos. Les pido a los chilenos que oren mucho por el Santo Padre, para que siga tomando todas las decisiones necesarias para que exista una nueva primavera en la Iglesia en Chile\u201d.<\/p>\n","protected":false},"excerpt":{"rendered":"<p>El secretario adjunto de la Congregaci\u00f3n para la Doctrina de la Fe (CDF) agreg\u00f3 que \u201csin perjuicio de lo anterior, animo a todas las personas&#8230;<\/p>\n","protected":false},"author":2,"featured_media":1071,"comment_status":"closed","ping_status":"open","sticky":false,"template":"","format":"standard","meta":{"footnotes":""},"categories":[4,267],"tags":[],"_links":{"self":[{"href":"http:\/\/www.primeranota.cl\/web\/wp-json\/wp\/v2\/posts\/6808"}],"collection":[{"href":"http:\/\/www.primeranota.cl\/web\/wp-json\/wp\/v2\/posts"}],"about":[{"href":"http:\/\/www.primeranota.cl\/web\/wp-json\/wp\/v2\/types\/post"}],"author":[{"embeddable":true,"href":"http:\/\/www.primeranota.cl\/web\/wp-json\/wp\/v2\/users\/2"}],"replies":[{"embeddable":true,"href":"http:\/\/www.primeranota.cl\/web\/wp-json\/wp\/v2\/comments?post=6808"}],"version-history":[{"count":1,"href":"http:\/\/www.primeranota.cl\/web\/wp-json\/wp\/v2\/posts\/6808\/revisions"}],"predecessor-version":[{"id":6809,"href":"http:\/\/www.primeranota.cl\/web\/wp-json\/wp\/v2\/posts\/6808\/revisions\/6809"}],"wp:featuredmedia":[{"embeddable":true,"href":"http:\/\/www.primeranota.cl\/web\/wp-json\/wp\/v2\/media\/1071"}],"wp:attachment":[{"href":"http:\/\/www.primeranota.cl\/web\/wp-json\/wp\/v2\/media?parent=6808"}],"wp:term":[{"taxonomy":"category","embeddable":true,"href":"http:\/\/www.primeranota.cl\/web\/wp-json\/wp\/v2\/categories?post=6808"},{"taxonomy":"post_tag","embeddable":true,"href":"http:\/\/www.primeranota.cl\/web\/wp-json\/wp\/v2\/tags?post=6808"}],"curies":[{"name":"wp","href":"https:\/\/api.w.org\/{rel}","templated":true}]}}