{"id":6810,"date":"2019-04-05T12:05:12","date_gmt":"2019-04-05T15:05:12","guid":{"rendered":"http:\/\/www.primeranota.cl\/web\/?p=6810"},"modified":"2019-04-05T12:05:12","modified_gmt":"2019-04-05T15:05:12","slug":"mop-trabaja-en-mejoramiento-del-casco-historico-de-la-ciudad-de-lautaro","status":"publish","type":"post","link":"http:\/\/www.primeranota.cl\/web\/region\/mop-trabaja-en-mejoramiento-del-casco-historico-de-la-ciudad-de-lautaro\/","title":{"rendered":"MOP trabaja en mejoramiento del casco hist\u00f3rico de la ciudad de Lautaro"},"content":{"rendered":"<p>Cerca de un 50% de avance presentan las faenas de mejoramiento del bandej\u00f3n central de Avenida Prat, ubicado entre las calles Brasil y Matta, en la comuna de Lautaro. As\u00ed lo constat\u00f3 el Seremi de Obras P\u00fablicas, Henry Leal, qui\u00e9n, junto al administrador municipal de Lautaro, Marcelo Poveda, adem\u00e1s de concejales y profesionales a cargo de la obra,  inspeccion\u00f3 el avance de los trabajos.<br \/>\nLa iniciativa a cargo de la Direcci\u00f3n de Arquitectura del MOP, se desarrolla en una superficie de 6.972 m2 y consiste en un mejoramiento integral de este bandej\u00f3n, que permitir\u00e1 brindar a la comunidad de Lautaro, un nuevo espacio p\u00fablico para el desarrollo del deporte, la recreaci\u00f3n y la actividad cultural.<br \/>\nLas obras implican la construcci\u00f3n de \u00e1reas deportivas y ejercicios, \u00e1reas verdes, paseos peatonales, instalaci\u00f3n de mobiliario urbano e iluminaci\u00f3n de alta eficiencia, con lo cual se mejora el espacio urbano del casco antiguo de la ciudad de Lautaro.<br \/>\nEste proyecto implica una inversi\u00f3n de 1.046 millones de pesos, los cuales son financiados con recursos del Gobierno Regional de La Araucan\u00eda, la direcci\u00f3n de arquitectura act\u00faa como Unidad T\u00e9cnica del contrato.<br \/>\nEl Seremi del MOP,  Henry Leal, dijo que este es un mejoramiento urbano significativo para Lautaro. \u201cSin duda alguna,  es una obra que le cambiar\u00e1 la cara a este sector antiguo de la ciudad, favoreciendo a ni\u00f1os, j\u00f3venes y adultos mayores, quienes contar\u00e1n con un espacio p\u00fablico remozado para el desarrollo de actividades diversas\u201d.<br \/>\n\u201cEstas son obras que nos llenan de  orgullo y satisfacci\u00f3n ya que  cuando mejoramos un barrio, mejoramos la calidad de vida de sus habitantes, y es lo que nos ha pedido el Presidente Sebasti\u00e1n Pi\u00f1era, trabajar para el bien de todos los vecinos\u201d, consign\u00f3 la autoridad del MOP.<br \/>\nPor su parte  Marcelo Poveda, administrador municipal de la Municipalidad de Lautaro, valor\u00f3 el desarrollo de estos trabajos ya que ha sido muy esperado por los vecinos del sector. Son trabajos que se convertir\u00e1n en un espacio de convivencia y esparcimiento sobre todo para los adultos mayores que aqu\u00ed habitan y que en su etapa de desarrollo ha contado con la participaci\u00f3n de todos los vecinos\u201d, asever\u00f3 la autoridad municipal.<br \/>\nSe estima que estas obras favorecer\u00e1n de manera indirecta,  a una poblaci\u00f3n de 21.770 habitantes. Precisar tambi\u00e9n que se est\u00e1 generando empleo para 42 personas y se espera que los trabajos est\u00e9n finalizados en octubre del presente a\u00f1o.<\/p>\n","protected":false},"excerpt":{"rendered":"<p>Cerca de un 50% de avance presentan las faenas de mejoramiento del bandej\u00f3n central de Avenida Prat, ubicado entre las calles Brasil y Matta, en&#8230;<\/p>\n","protected":false},"author":2,"featured_media":6811,"comment_status":"closed","ping_status":"open","sticky":false,"template":"","format":"standard","meta":{"footnotes":""},"categories":[267,3],"tags":[],"_links":{"self":[{"href":"http:\/\/www.primeranota.cl\/web\/wp-json\/wp\/v2\/posts\/6810"}],"collection":[{"href":"http:\/\/www.primeranota.cl\/web\/wp-json\/wp\/v2\/posts"}],"about":[{"href":"http:\/\/www.primeranota.cl\/web\/wp-json\/wp\/v2\/types\/post"}],"author":[{"embeddable":true,"href":"http:\/\/www.primeranota.cl\/web\/wp-json\/wp\/v2\/users\/2"}],"replies":[{"embeddable":true,"href":"http:\/\/www.primeranota.cl\/web\/wp-json\/wp\/v2\/comments?post=6810"}],"version-history":[{"count":1,"href":"http:\/\/www.primeranota.cl\/web\/wp-json\/wp\/v2\/posts\/6810\/revisions"}],"predecessor-version":[{"id":6812,"href":"http:\/\/www.primeranota.cl\/web\/wp-json\/wp\/v2\/posts\/6810\/revisions\/6812"}],"wp:featuredmedia":[{"embeddable":true,"href":"http:\/\/www.primeranota.cl\/web\/wp-json\/wp\/v2\/media\/6811"}],"wp:attachment":[{"href":"http:\/\/www.primeranota.cl\/web\/wp-json\/wp\/v2\/media?parent=6810"}],"wp:term":[{"taxonomy":"category","embeddable":true,"href":"http:\/\/www.primeranota.cl\/web\/wp-json\/wp\/v2\/categories?post=6810"},{"taxonomy":"post_tag","embeddable":true,"href":"http:\/\/www.primeranota.cl\/web\/wp-json\/wp\/v2\/tags?post=6810"}],"curies":[{"name":"wp","href":"https:\/\/api.w.org\/{rel}","templated":true}]}}