{"id":6851,"date":"2019-04-08T07:53:01","date_gmt":"2019-04-08T11:53:01","guid":{"rendered":"http:\/\/www.primeranota.cl\/web\/?p=6851"},"modified":"2019-04-08T08:11:19","modified_gmt":"2019-04-08T12:11:19","slug":"diputados-udi-cuestionan-al-indh-y-plantean-crear-organismo-que-defienda-a-uniformados","status":"publish","type":"post","link":"http:\/\/www.primeranota.cl\/web\/pais\/diputados-udi-cuestionan-al-indh-y-plantean-crear-organismo-que-defienda-a-uniformados\/","title":{"rendered":"Diputados UDI cuestionan al INDH y plantean crear organismo que defienda a uniformados"},"content":{"rendered":"<p>\u201cCrear una oficina u \u00f3rgano aut\u00f3nomo, al que se le encomiende la funci\u00f3n y atribuci\u00f3n de velar por la defensa, promoci\u00f3n y protecci\u00f3n de los derechos humanos de funcionarios policiales, fuerzas armadas y gendarmes\u201c.<br \/>\nEsta ser\u00eda la propuesta que los diputados Javier Macaya y \u00c1lvaro Carter presentar\u00e1n durante los pr\u00f3ximos d\u00edas ante la C\u00e1mara Baja. El documento se titula \u201cDefensa de Derechos Humanos en Fuerzas Armadas y de Orden y Seguridad y Gendarmer\u00eda\u201d.<br \/>\nAl mismo tiempo, las cr\u00edticas de los parlamentarios apuntaron directamente al Instituto Nacional de Derechos Humanos. \u201cEl rol que ha cumplido el INDH como \u00f3rgano defensor de la sociedad ha sido nulo, dado que sus principales intervenciones dicen relaci\u00f3n con manifestar protecci\u00f3n en favor de las minor\u00edas u otros grupos, pero nunca pronunciarse ante la violencia que sufren nuestros uniformados\u201d, se\u00f1ala el texto, seg\u00fan consigna El Mercurio.<br \/>\nAs\u00ed, en el documento se plantea que este nuevo \u00f3rgano cuente con las herramientas que le permitan ejercer cualquier acci\u00f3n legal necesaria \u201cante todo acto que constituya una vulneraci\u00f3n de las garant\u00edas fundamentales\u201d de los uniformados.<\/p>\n","protected":false},"excerpt":{"rendered":"<p>\u201cCrear una oficina u \u00f3rgano aut\u00f3nomo, al que se le encomiende la funci\u00f3n y atribuci\u00f3n de velar por la defensa, promoci\u00f3n y protecci\u00f3n de los&#8230;<\/p>\n","protected":false},"author":2,"featured_media":2900,"comment_status":"closed","ping_status":"open","sticky":false,"template":"","format":"standard","meta":{"footnotes":""},"categories":[4,267],"tags":[],"_links":{"self":[{"href":"http:\/\/www.primeranota.cl\/web\/wp-json\/wp\/v2\/posts\/6851"}],"collection":[{"href":"http:\/\/www.primeranota.cl\/web\/wp-json\/wp\/v2\/posts"}],"about":[{"href":"http:\/\/www.primeranota.cl\/web\/wp-json\/wp\/v2\/types\/post"}],"author":[{"embeddable":true,"href":"http:\/\/www.primeranota.cl\/web\/wp-json\/wp\/v2\/users\/2"}],"replies":[{"embeddable":true,"href":"http:\/\/www.primeranota.cl\/web\/wp-json\/wp\/v2\/comments?post=6851"}],"version-history":[{"count":1,"href":"http:\/\/www.primeranota.cl\/web\/wp-json\/wp\/v2\/posts\/6851\/revisions"}],"predecessor-version":[{"id":6852,"href":"http:\/\/www.primeranota.cl\/web\/wp-json\/wp\/v2\/posts\/6851\/revisions\/6852"}],"wp:featuredmedia":[{"embeddable":true,"href":"http:\/\/www.primeranota.cl\/web\/wp-json\/wp\/v2\/media\/2900"}],"wp:attachment":[{"href":"http:\/\/www.primeranota.cl\/web\/wp-json\/wp\/v2\/media?parent=6851"}],"wp:term":[{"taxonomy":"category","embeddable":true,"href":"http:\/\/www.primeranota.cl\/web\/wp-json\/wp\/v2\/categories?post=6851"},{"taxonomy":"post_tag","embeddable":true,"href":"http:\/\/www.primeranota.cl\/web\/wp-json\/wp\/v2\/tags?post=6851"}],"curies":[{"name":"wp","href":"https:\/\/api.w.org\/{rel}","templated":true}]}}