{"id":6859,"date":"2019-04-08T08:09:31","date_gmt":"2019-04-08T12:09:31","guid":{"rendered":"http:\/\/www.primeranota.cl\/web\/?p=6859"},"modified":"2019-04-08T08:09:31","modified_gmt":"2019-04-08T12:09:31","slug":"chile-vamos-pide-al-gobierno-no-ceder-ante-la-oposicion","status":"publish","type":"post","link":"http:\/\/www.primeranota.cl\/web\/pais\/chile-vamos-pide-al-gobierno-no-ceder-ante-la-oposicion\/","title":{"rendered":"Chile Vamos pide al gobierno no ceder ante la oposici\u00f3n"},"content":{"rendered":"<p>Preocupaci\u00f3n. Eso es lo que transmiten algunos personeros del oficialismo respecto de las concesiones que ha hecho el gobierno a la oposici\u00f3n para llegar a acuerdos y conseguir que se aprueben los proyectos de ley.<\/p>\n<p>A juicio de algunos parlamentarios y dirigentes del bloque, el Ejecutivo ha \u201ccedido en exceso\u201d ante la centroizquierda, poniendo -advierten- en riesgo \u201cla esencia\u201d de los valores del sector y del programa de gobierno.<\/p>\n<p>Algunos de los ejemplos que mencionan en privado en Chile Vamos apuntan, por ejemplo, a los cambios al proyecto de identidad de g\u00e9nero, donde se termin\u00f3 incluyendo, bajo ciertas condiciones, el cambio de sexo registral para menores de edad. De igual manera, resienten las modificaciones a la ley corta de pesca, a la ley de f\u00e1rmacos II, y que la centroizquierda haya terminado cambiando el nombre al proyecto de Ministerio de Familia, quedando como Ministerio de Desarrollo Social y Familia.<\/p>\n<p>\u201cEn algunos proyectos se ha flexibilizado para llegar a un buen acuerdo y buena ley, en otros ha existido el riesgo y existe el riesgo de que una mayor flexibilidad desnaturalice la idea original y la visi\u00f3n que el gobierno tiene sobre ciertas materias\u201d, asegur\u00f3 el jefe de bancada de RN, Alejandro Santana.<\/p>\n<p>Su par de Ev\u00f3poli, Luciano Cruz-Coke, en tanto, afirm\u00f3 que \u201cel gobierno tiene que buscar la forma de producir en la oposici\u00f3n los acuerdos necesarios por la v\u00eda pol\u00edtica. Si no puede lograrlo, es mejor que incluso pierda las votaciones de los proyectos que lleva al Congreso\u201d. Y agreg\u00f3: \u201cDe esa manera se transparenta para ambos sectores pol\u00edticos de qu\u00e9 lado est\u00e1 cada uno\u201d.<\/p>\n<p>Por su parte, el jefe de bancada de la UDI, Javier Macaya, dijo que \u201cel gobierno tiene la obligaci\u00f3n de conversar con la parte razonable de la oposici\u00f3n\u201d, pero que aquello no puede significar \u201crenunciar a su programa de gobierno\u201d. Esto, porque \u201cdesnaturalizar los proyectos y no cumplir con los objetivos por los que fueron planteados ser\u00eda traicionar a los mismos chilenos que confiaron en este gobierno para sacar adelante esa agenda\u201d.<\/p>\n<p>El senador RN Manuel Jos\u00e9 Ossand\u00f3n, en tanto, plante\u00f3 que, a su juicio, se est\u00e1 escuchando \u201cm\u00e1s a la oposici\u00f3n\u201d que al oficialismo. \u201cEl gobierno debe tener m\u00e1s en cuenta las posiciones de los parlamentarios de gobierno en los cambios y no tanto \u00e9nfasis en acoger lo que plantea la oposici\u00f3n\u201d, afirm\u00f3, a\u00f1adiendo que \u201chay cosas que ha planteado gente de nuestro sector y al final se las acogen a los otros. El punto se lo dan a ellos, y eso no es justo\u201d.<\/p>\n<p>De todas formas, hay algunos parlamentarios del bloque que tienen una visi\u00f3n distinta y creen que el Ejecutivo ha \u201cavanzando dentro de los m\u00e1rgenes que corresponde\u201d y como se hace en todos los gobiernos.<\/p>\n<p>Inquietud por tributaria<br \/>\nAhora \u00faltimo, en el bloque ven con inquietud la actitud que ha ido adoptando el gobierno en las negociaciones para destrabar el proyecto de modernizaci\u00f3n tributaria para que la oposici\u00f3n apruebe la idea de legislar, votaci\u00f3n que es considerada \u201cclave\u201d y que se espera que se concrete esta semana en la Comisi\u00f3n de Hacienda.<\/p>\n<p>En el oficialismo, algunos afirman en privado que vieron con preocupaci\u00f3n que el ministro de la Segpres, Gonzalo Blumel, recibiera una segunda propuesta de la oposici\u00f3n para modificar la iniciativa, debido a que ya se hab\u00eda dado respuesta a los planteamientos de la centroizquierda. En ese sentido, transmiten que Blumel \u201cfue muy blando\u201d a diferencia del titular de Hacienda, Felipe Larra\u00edn, quien adopt\u00f3 una postura m\u00e1s dura.<\/p>\n<p>En esa l\u00ednea, en Chile Vamos se\u00f1alan que el gobierno debe estar dispuesto a perder y no tenerle miedo \u201ca la derrota en las reformas\u201d, recalcando que as\u00ed se evidenciar\u00e1 que la oposici\u00f3n es la que obstruye y pagar\u00e1 los costos.<br \/>\n\u201cLa flexibilidad tiene un l\u00edmite. Por eso, le hemos dicho al ministro Felipe Larra\u00edn que las conversaciones del gobierno con la oposici\u00f3n no pueden seguir desperfilando el proyecto original\u201d, manifest\u00f3 el jefe de los senadores de RN, Andr\u00e9s Allamand, mientras que Cruz-Coke a\u00f1adi\u00f3 que \u201cel gobierno lleva ocho meses ya abierto a generar beneficios para adultos mayores v\u00eda contribuciones, regiones y pymes: si a parte de la oposici\u00f3n no le gusta a esta altura, queda solo votarlo en contra, pero no debe desnaturalizar su plan inicial\u201d.<br \/>\nSantana agreg\u00f3 que en esta materia \u201cseguir cambiando el proyecto ser\u00eda un error\u201d.<\/p>\n<p>Con todo, en el Ejecutivo sostienen que no \u201chabr\u00e1 grandes concesiones\u201d m\u00e1s all\u00e1 de \u201ccosas de redacci\u00f3n\u201d.<\/p>\n","protected":false},"excerpt":{"rendered":"<p>Preocupaci\u00f3n. Eso es lo que transmiten algunos personeros del oficialismo respecto de las concesiones que ha hecho el gobierno a la oposici\u00f3n para llegar a&#8230;<\/p>\n","protected":false},"author":2,"featured_media":3834,"comment_status":"closed","ping_status":"open","sticky":false,"template":"","format":"standard","meta":{"footnotes":""},"categories":[4,267],"tags":[],"_links":{"self":[{"href":"http:\/\/www.primeranota.cl\/web\/wp-json\/wp\/v2\/posts\/6859"}],"collection":[{"href":"http:\/\/www.primeranota.cl\/web\/wp-json\/wp\/v2\/posts"}],"about":[{"href":"http:\/\/www.primeranota.cl\/web\/wp-json\/wp\/v2\/types\/post"}],"author":[{"embeddable":true,"href":"http:\/\/www.primeranota.cl\/web\/wp-json\/wp\/v2\/users\/2"}],"replies":[{"embeddable":true,"href":"http:\/\/www.primeranota.cl\/web\/wp-json\/wp\/v2\/comments?post=6859"}],"version-history":[{"count":1,"href":"http:\/\/www.primeranota.cl\/web\/wp-json\/wp\/v2\/posts\/6859\/revisions"}],"predecessor-version":[{"id":6860,"href":"http:\/\/www.primeranota.cl\/web\/wp-json\/wp\/v2\/posts\/6859\/revisions\/6860"}],"wp:featuredmedia":[{"embeddable":true,"href":"http:\/\/www.primeranota.cl\/web\/wp-json\/wp\/v2\/media\/3834"}],"wp:attachment":[{"href":"http:\/\/www.primeranota.cl\/web\/wp-json\/wp\/v2\/media?parent=6859"}],"wp:term":[{"taxonomy":"category","embeddable":true,"href":"http:\/\/www.primeranota.cl\/web\/wp-json\/wp\/v2\/categories?post=6859"},{"taxonomy":"post_tag","embeddable":true,"href":"http:\/\/www.primeranota.cl\/web\/wp-json\/wp\/v2\/tags?post=6859"}],"curies":[{"name":"wp","href":"https:\/\/api.w.org\/{rel}","templated":true}]}}